{"id":31632,"date":"2025-03-12T09:09:41","date_gmt":"2025-03-12T13:09:41","guid":{"rendered":"https:\/\/www.champlaincavaliers.com\/ccaa-coach-of-the-year-2025\/"},"modified":"2025-03-12T10:15:30","modified_gmt":"2025-03-12T14:15:30","slug":"ccaa-coach-of-the-year-2025","status":"publish","type":"post","link":"https:\/\/www.champlaincavaliers.com\/fr\/ccaa-coach-of-the-year-2025\/","title":{"rendered":"ACSC entra\u00eeneur par excellence : Georges Germanos"},"content":{"rendered":"<p>L&rsquo;Association canadienne du sport coll\u00e9gial (ACSC) est fi\u00e8re d&rsquo;annoncer que Georges Germanos, entra\u00eeneur-chef en basket-ball f\u00e9minin des Cavaliers du Coll\u00e8ge Champlain Saint-Lambert, a \u00e9t\u00e9 nomm\u00e9 entra\u00eeneur de l&rsquo;ann\u00e9e 2024-2025.<\/p>\n<p>Avec 28 ans d&rsquo;exp\u00e9rience en tant qu&rsquo;entra\u00eeneur, dont 22 saisons \u00e0 la direction des Cavaliers, Germanos a mis en place l&rsquo;un des programmes de basket-ball f\u00e9minin les plus respect\u00e9s du pays.<\/p>\n<p>Le mois dernier, Germanos a \u00e9t\u00e9 nomm\u00e9 entra\u00eeneur de l&rsquo;ann\u00e9e au niveau provincial du RSEQ pour la troisi\u00e8me fois.<\/p>\n<p>\u00ab Georges est un entra\u00eeneur qui fait continuellement preuve de professionnalisme, d&rsquo;un profond souci pour ses athl\u00e8tes et d&rsquo;une passion pour le d\u00e9veloppement du sport \u00e0 tous les niveaux \u00bb, a d\u00e9clar\u00e9 Mai Nguyen, responsable nationale du basket-ball f\u00e9minin de l&rsquo;ACSC. \u00ab Son impact t\u00e9moigne de son d\u00e9vouement \u00e0 l&rsquo;excellence. \u00bb<\/p>\n<h4><img loading=\"lazy\" decoding=\"async\" class=\"alignleft wp-image-31609\" src=\"https:\/\/www.champlaincavaliers.com\/wp-content\/uploads\/Germanos-677x1024.jpg\" alt=\"\" width=\"186\" height=\"280\" srcset=\"https:\/\/www.champlaincavaliers.com\/wp-content\/uploads\/Germanos-677x1024.jpg 677w, https:\/\/www.champlaincavaliers.com\/wp-content\/uploads\/Germanos-768x1162.jpg 768w, https:\/\/www.champlaincavaliers.com\/wp-content\/uploads\/Germanos-85x128.jpg 85w, https:\/\/www.champlaincavaliers.com\/wp-content\/uploads\/Germanos-21x32.jpg 21w\" sizes=\"auto, (max-width: 186px) 100vw, 186px\" \/><\/h4>\n<p>Cette saison, Germanos a dirig\u00e9 les Cavaliers vers une saison r\u00e9guli\u00e8re dominante avec un record de 13-1 dans la conf\u00e9rence RSEQ, am\u00e9liorant ainsi la performance de l&rsquo;ann\u00e9e pr\u00e9c\u00e9dente (11-7). Son \u00e9quipe a adopt\u00e9 un style de jeu rapide et dynamique, d\u00e9montrant une efficacit\u00e9 offensive am\u00e9lior\u00e9e et une approche d\u00e9fensive disciplin\u00e9e.<\/p>\n<p>Germanos a jou\u00e9 un r\u00f4le d\u00e9terminant dans le d\u00e9veloppement des joueurs, transformant des athl\u00e8tes de retour au jeu, dont beaucoup \u00e9taient des comp\u00e9titeurs multisports ou avaient \u00e9t\u00e9 n\u00e9glig\u00e9s au niveau secondaire, en joueurs coll\u00e9giaux d&rsquo;\u00e9lite gr\u00e2ce \u00e0 des entra\u00eenements structur\u00e9s de d\u00e9veloppement des comp\u00e9tences et \u00e0 un fort accent mis sur l&rsquo;augmentation du volume de tirs.<\/p>\n<p>Son impact s&rsquo;arr\u00eate pas sur le terrain. Germanos s&rsquo;investit profond\u00e9ment dans la r\u00e9ussite scolaire et personnelle de ses athl\u00e8tes, en s&rsquo;assurant qu&rsquo;elles r\u00e9pondent aux crit\u00e8res d&rsquo;\u00e9ligibilit\u00e9 tout en les aidant \u00e0 obtenir des bourses et \u00e0 \u00eatre recrut\u00e9es \u00e0 l&rsquo;universit\u00e9. Il travaille en \u00e9troite collaboration avec les aides p\u00e9dagogiques individuels et encadre les \u00e9tudiantes-athl\u00e8tes pour les aider \u00e0 concilier leurs engagements scolaires et sportifs.<\/p>\n<p>En plus de ses fonctions d&rsquo;entra\u00eeneur, Germanos est une figure cl\u00e9 du d\u00e9veloppement du basket-ball amateur, dirigeant des stages et des acad\u00e9mies de basket-ball hebdomadaires dans le cadre du programme de sensibilisation communautaire, encourageant la prochaine g\u00e9n\u00e9ration de joueurs et occupant les fonctions de directeur et de cofondateur de SLAM CAMP, une initiative \u00e0 but non lucratif qui encourage l&rsquo;\u00e9ducation par le biais du basket-ball avec des \u00e9quipes d&rsquo;\u00e9t\u00e9, des stages d&rsquo;entra\u00eenement et des ligues amateurs.<\/p>\n<p>L&rsquo;entra\u00eeneur par excellence de l&rsquo;ACSC re\u00e7oit une bague personnalis\u00e9e fournie par Jostens Canada, le fournisseur officiel de bagues de l&rsquo;ACSC.<\/p>\n","protected":false},"excerpt":{"rendered":"<p>L&rsquo;Association canadienne du sport coll\u00e9gial (ACSC) est fi\u00e8re d&rsquo;annoncer que Georges Germanos, entra\u00eeneur-chef en basket-ball f\u00e9minin des Cavaliers du Coll\u00e8ge Champlain Saint-Lambert, a \u00e9t\u00e9 nomm\u00e9 entra\u00eeneur de l&rsquo;ann\u00e9e 2024-2025. Avec 28 ans d&rsquo;exp\u00e9rience en tant qu&rsquo;entra\u00eeneur, dont 22 saisons \u00e0 la direction des Cavaliers, Germanos a mis en place l&rsquo;un des programmes de basket-ball f\u00e9minin [&hellip;]<\/p>\n","protected":false},"author":12,"featured_media":31627,"comment_status":"closed","ping_status":"open","sticky":false,"template":"","format":"standard","meta":{"footnotes":""},"categories":[541,560,561],"tags":[568,554,562,557,571,558,564,572],"class_list":["post-31632","post","type-post","status-publish","format-standard","has-post-thumbnail","hentry","category-actualites-des-cavaliers","category-cavaliers-top-fr","category-wbb-fr","tag-all-stars-fr","tag-cavaliers-fr","tag-ccaa-fr","tag-intercollegiate-sports-fr","tag-mens-soccer-fr-2","tag-rseq-fr","tag-student-athletes-fr","tag-womens-soccer-fr-2"],"yoast_head":"<!-- This site is optimized with the Yoast SEO plugin v27.1.1 - https:\/\/yoast.com\/product\/yoast-seo-wordpress\/ -->\n<title>ACSC entra\u00eeneur par excellence : Georges Germanos - Champlain Cavaliers<\/title>\n<meta name=\"robots\" content=\"index, follow, max-snippet:-1, max-image-preview:large, max-video-preview:-1\" \/>\n<link rel=\"canonical\" href=\"https:\/\/www.champlaincavaliers.com\/fr\/ccaa-coach-of-the-year-2025\/\" \/>\n<meta property=\"og:locale\" content=\"fr_FR\" \/>\n<meta property=\"og:type\" content=\"article\" \/>\n<meta property=\"og:title\" content=\"ACSC entra\u00eeneur par excellence : Georges Germanos - Champlain Cavaliers\" \/>\n<meta property=\"og:description\" content=\"L&rsquo;Association canadienne du sport coll\u00e9gial (ACSC) est fi\u00e8re d&rsquo;annoncer que Georges Germanos, entra\u00eeneur-chef en basket-ball f\u00e9minin des Cavaliers du Coll\u00e8ge Champlain Saint-Lambert, a \u00e9t\u00e9 nomm\u00e9 entra\u00eeneur de l&rsquo;ann\u00e9e 2024-2025. Avec 28 ans d&rsquo;exp\u00e9rience en tant qu&rsquo;entra\u00eeneur, dont 22 saisons \u00e0 la direction des Cavaliers, Germanos a mis en place l&rsquo;un des programmes de basket-ball f\u00e9minin [&hellip;]\" \/>\n<meta property=\"og:url\" content=\"https:\/\/www.champlaincavaliers.com\/fr\/ccaa-coach-of-the-year-2025\/\" \/>\n<meta property=\"og:site_name\" content=\"Champlain Cavaliers\" \/>\n<meta property=\"article:publisher\" content=\"https:\/\/www.facebook.com\/champlain.cavaliers\" \/>\n<meta property=\"article:published_time\" content=\"2025-03-12T13:09:41+00:00\" \/>\n<meta property=\"article:modified_time\" content=\"2025-03-12T14:15:30+00:00\" \/>\n<meta property=\"og:image\" content=\"https:\/\/www.champlaincavaliers.com\/wp-content\/uploads\/0701_049-scaled-e1741786156678.jpg\" \/>\n\t<meta property=\"og:image:width\" content=\"2560\" \/>\n\t<meta property=\"og:image:height\" content=\"1706\" \/>\n\t<meta property=\"og:image:type\" content=\"image\/jpeg\" \/>\n<meta name=\"author\" content=\"Marilla Steuter-Martin\" \/>\n<meta name=\"twitter:card\" content=\"summary_large_image\" \/>\n<meta name=\"twitter:creator\" content=\"@Champlain_Cavs\" \/>\n<meta name=\"twitter:site\" content=\"@Champlain_Cavs\" \/>\n<meta name=\"twitter:label1\" content=\"\u00c9crit par\" \/>\n\t<meta name=\"twitter:data1\" content=\"Marilla Steuter-Martin\" \/>\n\t<meta name=\"twitter:label2\" content=\"Dur\u00e9e de lecture estim\u00e9e\" \/>\n\t<meta name=\"twitter:data2\" content=\"3 minutes\" \/>\n<script type=\"application\/ld+json\" class=\"yoast-schema-graph\">{\"@context\":\"https:\/\/schema.org\",\"@graph\":[{\"@type\":\"Article\",\"@id\":\"https:\/\/www.champlaincavaliers.com\/fr\/ccaa-coach-of-the-year-2025\/#article\",\"isPartOf\":{\"@id\":\"https:\/\/www.champlaincavaliers.com\/fr\/ccaa-coach-of-the-year-2025\/\"},\"author\":{\"name\":\"Marilla Steuter-Martin\",\"@id\":\"https:\/\/www.champlaincavaliers.com\/#\/schema\/person\/3a3748a14ee68c9706baab27ee179894\"},\"headline\":\"ACSC entra\u00eeneur par excellence : Georges Germanos\",\"datePublished\":\"2025-03-12T13:09:41+00:00\",\"dateModified\":\"2025-03-12T14:15:30+00:00\",\"mainEntityOfPage\":{\"@id\":\"https:\/\/www.champlaincavaliers.com\/fr\/ccaa-coach-of-the-year-2025\/\"},\"wordCount\":478,\"publisher\":{\"@id\":\"https:\/\/www.champlaincavaliers.com\/#organization\"},\"image\":{\"@id\":\"https:\/\/www.champlaincavaliers.com\/fr\/ccaa-coach-of-the-year-2025\/#primaryimage\"},\"thumbnailUrl\":\"https:\/\/www.champlaincavaliers.com\/wp-content\/uploads\/0701_049-scaled-e1741786156678.jpg\",\"keywords\":[\"all-stars\",\"cavaliers\",\"ccaa\",\"intercollegiate sports\",\"men's soccer\",\"rseq\",\"student athletes\",\"women's soccer\"],\"articleSection\":[\"Actualit\u00e9s des cavaliers\",\"Cavaliers Top\",\"WBB\"],\"inLanguage\":\"fr-FR\"},{\"@type\":\"WebPage\",\"@id\":\"https:\/\/www.champlaincavaliers.com\/fr\/ccaa-coach-of-the-year-2025\/\",\"url\":\"https:\/\/www.champlaincavaliers.com\/fr\/ccaa-coach-of-the-year-2025\/\",\"name\":\"ACSC entra\u00eeneur par excellence : Georges Germanos - Champlain Cavaliers\",\"isPartOf\":{\"@id\":\"https:\/\/www.champlaincavaliers.com\/#website\"},\"primaryImageOfPage\":{\"@id\":\"https:\/\/www.champlaincavaliers.com\/fr\/ccaa-coach-of-the-year-2025\/#primaryimage\"},\"image\":{\"@id\":\"https:\/\/www.champlaincavaliers.com\/fr\/ccaa-coach-of-the-year-2025\/#primaryimage\"},\"thumbnailUrl\":\"https:\/\/www.champlaincavaliers.com\/wp-content\/uploads\/0701_049-scaled-e1741786156678.jpg\",\"datePublished\":\"2025-03-12T13:09:41+00:00\",\"dateModified\":\"2025-03-12T14:15:30+00:00\",\"breadcrumb\":{\"@id\":\"https:\/\/www.champlaincavaliers.com\/fr\/ccaa-coach-of-the-year-2025\/#breadcrumb\"},\"inLanguage\":\"fr-FR\",\"potentialAction\":[{\"@type\":\"ReadAction\",\"target\":[\"https:\/\/www.champlaincavaliers.com\/fr\/ccaa-coach-of-the-year-2025\/\"]}]},{\"@type\":\"ImageObject\",\"inLanguage\":\"fr-FR\",\"@id\":\"https:\/\/www.champlaincavaliers.com\/fr\/ccaa-coach-of-the-year-2025\/#primaryimage\",\"url\":\"https:\/\/www.champlaincavaliers.com\/wp-content\/uploads\/0701_049-scaled-e1741786156678.jpg\",\"contentUrl\":\"https:\/\/www.champlaincavaliers.com\/wp-content\/uploads\/0701_049-scaled-e1741786156678.jpg\",\"width\":2560,\"height\":1706},{\"@type\":\"BreadcrumbList\",\"@id\":\"https:\/\/www.champlaincavaliers.com\/fr\/ccaa-coach-of-the-year-2025\/#breadcrumb\",\"itemListElement\":[{\"@type\":\"ListItem\",\"position\":1,\"name\":\"Home\",\"item\":\"https:\/\/www.champlaincavaliers.com\/fr\/\"},{\"@type\":\"ListItem\",\"position\":2,\"name\":\"ACSC entra\u00eeneur par excellence : Georges Germanos\"}]},{\"@type\":\"WebSite\",\"@id\":\"https:\/\/www.champlaincavaliers.com\/#website\",\"url\":\"https:\/\/www.champlaincavaliers.com\/\",\"name\":\"Champlain Cavaliers\",\"description\":\"Home of the Champlain Saint-Lambert Cavaliers\",\"publisher\":{\"@id\":\"https:\/\/www.champlaincavaliers.com\/#organization\"},\"potentialAction\":[{\"@type\":\"SearchAction\",\"target\":{\"@type\":\"EntryPoint\",\"urlTemplate\":\"https:\/\/www.champlaincavaliers.com\/?s={search_term_string}\"},\"query-input\":{\"@type\":\"PropertyValueSpecification\",\"valueRequired\":true,\"valueName\":\"search_term_string\"}}],\"inLanguage\":\"fr-FR\"},{\"@type\":\"Organization\",\"@id\":\"https:\/\/www.champlaincavaliers.com\/#organization\",\"name\":\"Champlain Cavaliers\",\"url\":\"https:\/\/www.champlaincavaliers.com\/\",\"logo\":{\"@type\":\"ImageObject\",\"inLanguage\":\"fr-FR\",\"@id\":\"https:\/\/www.champlaincavaliers.com\/#\/schema\/logo\/image\/\",\"url\":\"https:\/\/champlaincavaliers.com\/wp-content\/uploads\/SLA-1.png\",\"contentUrl\":\"https:\/\/champlaincavaliers.com\/wp-content\/uploads\/SLA-1.png\",\"width\":1500,\"height\":1500,\"caption\":\"Champlain Cavaliers\"},\"image\":{\"@id\":\"https:\/\/www.champlaincavaliers.com\/#\/schema\/logo\/image\/\"},\"sameAs\":[\"https:\/\/www.facebook.com\/champlain.cavaliers\",\"https:\/\/x.com\/Champlain_Cavs\",\"https:\/\/www.instagram.com\/champlain.cavaliers\"]},{\"@type\":\"Person\",\"@id\":\"https:\/\/www.champlaincavaliers.com\/#\/schema\/person\/3a3748a14ee68c9706baab27ee179894\",\"name\":\"Marilla Steuter-Martin\",\"image\":{\"@type\":\"ImageObject\",\"inLanguage\":\"fr-FR\",\"@id\":\"https:\/\/www.champlaincavaliers.com\/#\/schema\/person\/image\/\",\"url\":\"https:\/\/secure.gravatar.com\/avatar\/690abac14a7ba7dc6e92f1bcfaaf3a19d9b64287dfff8b374949a5c26395f73d?s=96&d=mm&r=g\",\"contentUrl\":\"https:\/\/secure.gravatar.com\/avatar\/690abac14a7ba7dc6e92f1bcfaaf3a19d9b64287dfff8b374949a5c26395f73d?s=96&d=mm&r=g\",\"caption\":\"Marilla Steuter-Martin\"},\"url\":\"https:\/\/www.champlaincavaliers.com\/fr\/author\/msteutermartinchamplaincollege-qc-ca\/\"}]}<\/script>\n<!-- \/ Yoast SEO plugin. -->","yoast_head_json":{"title":"ACSC entra\u00eeneur par excellence : Georges Germanos - Champlain Cavaliers","robots":{"index":"index","follow":"follow","max-snippet":"max-snippet:-1","max-image-preview":"max-image-preview:large","max-video-preview":"max-video-preview:-1"},"canonical":"https:\/\/www.champlaincavaliers.com\/fr\/ccaa-coach-of-the-year-2025\/","og_locale":"fr_FR","og_type":"article","og_title":"ACSC entra\u00eeneur par excellence : Georges Germanos - Champlain Cavaliers","og_description":"L&rsquo;Association canadienne du sport coll\u00e9gial (ACSC) est fi\u00e8re d&rsquo;annoncer que Georges Germanos, entra\u00eeneur-chef en basket-ball f\u00e9minin des Cavaliers du Coll\u00e8ge Champlain Saint-Lambert, a \u00e9t\u00e9 nomm\u00e9 entra\u00eeneur de l&rsquo;ann\u00e9e 2024-2025. Avec 28 ans d&rsquo;exp\u00e9rience en tant qu&rsquo;entra\u00eeneur, dont 22 saisons \u00e0 la direction des Cavaliers, Germanos a mis en place l&rsquo;un des programmes de basket-ball f\u00e9minin [&hellip;]","og_url":"https:\/\/www.champlaincavaliers.com\/fr\/ccaa-coach-of-the-year-2025\/","og_site_name":"Champlain Cavaliers","article_publisher":"https:\/\/www.facebook.com\/champlain.cavaliers","article_published_time":"2025-03-12T13:09:41+00:00","article_modified_time":"2025-03-12T14:15:30+00:00","og_image":[{"width":2560,"height":1706,"url":"https:\/\/www.champlaincavaliers.com\/wp-content\/uploads\/0701_049-scaled-e1741786156678.jpg","type":"image\/jpeg"}],"author":"Marilla Steuter-Martin","twitter_card":"summary_large_image","twitter_creator":"@Champlain_Cavs","twitter_site":"@Champlain_Cavs","twitter_misc":{"\u00c9crit par":"Marilla Steuter-Martin","Dur\u00e9e de lecture estim\u00e9e":"3 minutes"},"schema":{"@context":"https:\/\/schema.org","@graph":[{"@type":"Article","@id":"https:\/\/www.champlaincavaliers.com\/fr\/ccaa-coach-of-the-year-2025\/#article","isPartOf":{"@id":"https:\/\/www.champlaincavaliers.com\/fr\/ccaa-coach-of-the-year-2025\/"},"author":{"name":"Marilla Steuter-Martin","@id":"https:\/\/www.champlaincavaliers.com\/#\/schema\/person\/3a3748a14ee68c9706baab27ee179894"},"headline":"ACSC entra\u00eeneur par excellence : Georges Germanos","datePublished":"2025-03-12T13:09:41+00:00","dateModified":"2025-03-12T14:15:30+00:00","mainEntityOfPage":{"@id":"https:\/\/www.champlaincavaliers.com\/fr\/ccaa-coach-of-the-year-2025\/"},"wordCount":478,"publisher":{"@id":"https:\/\/www.champlaincavaliers.com\/#organization"},"image":{"@id":"https:\/\/www.champlaincavaliers.com\/fr\/ccaa-coach-of-the-year-2025\/#primaryimage"},"thumbnailUrl":"https:\/\/www.champlaincavaliers.com\/wp-content\/uploads\/0701_049-scaled-e1741786156678.jpg","keywords":["all-stars","cavaliers","ccaa","intercollegiate sports","men's soccer","rseq","student athletes","women's soccer"],"articleSection":["Actualit\u00e9s des cavaliers","Cavaliers Top","WBB"],"inLanguage":"fr-FR"},{"@type":"WebPage","@id":"https:\/\/www.champlaincavaliers.com\/fr\/ccaa-coach-of-the-year-2025\/","url":"https:\/\/www.champlaincavaliers.com\/fr\/ccaa-coach-of-the-year-2025\/","name":"ACSC entra\u00eeneur par excellence : Georges Germanos - Champlain Cavaliers","isPartOf":{"@id":"https:\/\/www.champlaincavaliers.com\/#website"},"primaryImageOfPage":{"@id":"https:\/\/www.champlaincavaliers.com\/fr\/ccaa-coach-of-the-year-2025\/#primaryimage"},"image":{"@id":"https:\/\/www.champlaincavaliers.com\/fr\/ccaa-coach-of-the-year-2025\/#primaryimage"},"thumbnailUrl":"https:\/\/www.champlaincavaliers.com\/wp-content\/uploads\/0701_049-scaled-e1741786156678.jpg","datePublished":"2025-03-12T13:09:41+00:00","dateModified":"2025-03-12T14:15:30+00:00","breadcrumb":{"@id":"https:\/\/www.champlaincavaliers.com\/fr\/ccaa-coach-of-the-year-2025\/#breadcrumb"},"inLanguage":"fr-FR","potentialAction":[{"@type":"ReadAction","target":["https:\/\/www.champlaincavaliers.com\/fr\/ccaa-coach-of-the-year-2025\/"]}]},{"@type":"ImageObject","inLanguage":"fr-FR","@id":"https:\/\/www.champlaincavaliers.com\/fr\/ccaa-coach-of-the-year-2025\/#primaryimage","url":"https:\/\/www.champlaincavaliers.com\/wp-content\/uploads\/0701_049-scaled-e1741786156678.jpg","contentUrl":"https:\/\/www.champlaincavaliers.com\/wp-content\/uploads\/0701_049-scaled-e1741786156678.jpg","width":2560,"height":1706},{"@type":"BreadcrumbList","@id":"https:\/\/www.champlaincavaliers.com\/fr\/ccaa-coach-of-the-year-2025\/#breadcrumb","itemListElement":[{"@type":"ListItem","position":1,"name":"Home","item":"https:\/\/www.champlaincavaliers.com\/fr\/"},{"@type":"ListItem","position":2,"name":"ACSC entra\u00eeneur par excellence : Georges Germanos"}]},{"@type":"WebSite","@id":"https:\/\/www.champlaincavaliers.com\/#website","url":"https:\/\/www.champlaincavaliers.com\/","name":"Champlain Cavaliers","description":"Home of the Champlain Saint-Lambert Cavaliers","publisher":{"@id":"https:\/\/www.champlaincavaliers.com\/#organization"},"potentialAction":[{"@type":"SearchAction","target":{"@type":"EntryPoint","urlTemplate":"https:\/\/www.champlaincavaliers.com\/?s={search_term_string}"},"query-input":{"@type":"PropertyValueSpecification","valueRequired":true,"valueName":"search_term_string"}}],"inLanguage":"fr-FR"},{"@type":"Organization","@id":"https:\/\/www.champlaincavaliers.com\/#organization","name":"Champlain Cavaliers","url":"https:\/\/www.champlaincavaliers.com\/","logo":{"@type":"ImageObject","inLanguage":"fr-FR","@id":"https:\/\/www.champlaincavaliers.com\/#\/schema\/logo\/image\/","url":"https:\/\/champlaincavaliers.com\/wp-content\/uploads\/SLA-1.png","contentUrl":"https:\/\/champlaincavaliers.com\/wp-content\/uploads\/SLA-1.png","width":1500,"height":1500,"caption":"Champlain Cavaliers"},"image":{"@id":"https:\/\/www.champlaincavaliers.com\/#\/schema\/logo\/image\/"},"sameAs":["https:\/\/www.facebook.com\/champlain.cavaliers","https:\/\/x.com\/Champlain_Cavs","https:\/\/www.instagram.com\/champlain.cavaliers"]},{"@type":"Person","@id":"https:\/\/www.champlaincavaliers.com\/#\/schema\/person\/3a3748a14ee68c9706baab27ee179894","name":"Marilla Steuter-Martin","image":{"@type":"ImageObject","inLanguage":"fr-FR","@id":"https:\/\/www.champlaincavaliers.com\/#\/schema\/person\/image\/","url":"https:\/\/secure.gravatar.com\/avatar\/690abac14a7ba7dc6e92f1bcfaaf3a19d9b64287dfff8b374949a5c26395f73d?s=96&d=mm&r=g","contentUrl":"https:\/\/secure.gravatar.com\/avatar\/690abac14a7ba7dc6e92f1bcfaaf3a19d9b64287dfff8b374949a5c26395f73d?s=96&d=mm&r=g","caption":"Marilla Steuter-Martin"},"url":"https:\/\/www.champlaincavaliers.com\/fr\/author\/msteutermartinchamplaincollege-qc-ca\/"}]}},"_links":{"self":[{"href":"https:\/\/www.champlaincavaliers.com\/fr\/wp-json\/wp\/v2\/posts\/31632","targetHints":{"allow":["GET"]}}],"collection":[{"href":"https:\/\/www.champlaincavaliers.com\/fr\/wp-json\/wp\/v2\/posts"}],"about":[{"href":"https:\/\/www.champlaincavaliers.com\/fr\/wp-json\/wp\/v2\/types\/post"}],"author":[{"embeddable":true,"href":"https:\/\/www.champlaincavaliers.com\/fr\/wp-json\/wp\/v2\/users\/12"}],"replies":[{"embeddable":true,"href":"https:\/\/www.champlaincavaliers.com\/fr\/wp-json\/wp\/v2\/comments?post=31632"}],"version-history":[{"count":6,"href":"https:\/\/www.champlaincavaliers.com\/fr\/wp-json\/wp\/v2\/posts\/31632\/revisions"}],"predecessor-version":[{"id":31639,"href":"https:\/\/www.champlaincavaliers.com\/fr\/wp-json\/wp\/v2\/posts\/31632\/revisions\/31639"}],"wp:featuredmedia":[{"embeddable":true,"href":"https:\/\/www.champlaincavaliers.com\/fr\/wp-json\/wp\/v2\/media\/31627"}],"wp:attachment":[{"href":"https:\/\/www.champlaincavaliers.com\/fr\/wp-json\/wp\/v2\/media?parent=31632"}],"wp:term":[{"taxonomy":"category","embeddable":true,"href":"https:\/\/www.champlaincavaliers.com\/fr\/wp-json\/wp\/v2\/categories?post=31632"},{"taxonomy":"post_tag","embeddable":true,"href":"https:\/\/www.champlaincavaliers.com\/fr\/wp-json\/wp\/v2\/tags?post=31632"}],"curies":[{"name":"wp","href":"https:\/\/api.w.org\/{rel}","templated":true}]}}