{"id":30417,"date":"2023-05-02T16:31:39","date_gmt":"2023-05-02T20:31:39","guid":{"rendered":"https:\/\/www.champlaincavaliers.com\/2023-cavaliers-awards-banquet\/"},"modified":"2024-07-25T15:11:19","modified_gmt":"2024-07-25T19:11:19","slug":"2023-cavaliers-awards-banquet","status":"publish","type":"post","link":"https:\/\/www.champlaincavaliers.com\/fr\/2023-cavaliers-awards-banquet\/","title":{"rendered":"2023 Banquet de remise des prix des Cavaliers"},"content":{"rendered":"<p>Les Cavaliers de Champlain Saint-Lambert ont tenu leur c\u00e9r\u00e9monie annuelle de remise des prix sportifs le mercredi 26 avril, mettant fin \u00e0 leur saison 2022-23 par une soir\u00e9e de c\u00e9l\u00e9bration. Plus de 150 \u00e9tudiants-athl\u00e8tes et 20 entra\u00eeneurs des 10 \u00e9quipes des Cavaliers \u00e9taient pr\u00e9sents, accompagn\u00e9s de Don Shewan (directeur du campus constitutif et directeur des \u00e9tudes), Dean Howie (directeur des services aux \u00e9tudiants), Rafin Islam Khan (pr\u00e9sident de l&rsquo;Association des \u00e9tudiants de Champlain), le personnel de th\u00e9rapie athl\u00e9tique du RTP et M. Moe Khan (la voix en ondes des Cavaliers).<\/p>\n<p>Plus de 70 prix d&rsquo;\u00e9quipe ont \u00e9t\u00e9 remis, y compris des prix pour l&rsquo;excellence scolaire, l&rsquo;athl\u00e8te le plus utile, l&rsquo;athl\u00e8te le plus am\u00e9lior\u00e9, le prix du h\u00e9ros m\u00e9connu, la recrue de l&rsquo;ann\u00e9e et le prix du leadership sportif, dont les r\u00e9cipiendaires ont \u00e9t\u00e9 choisis par leurs co\u00e9quipiers. De plus, les Cavaliers ont reconnu les \u00e9tudiants-athl\u00e8tes nomm\u00e9s dans leurs \u00e9quipes d&rsquo;\u00e9toiles respectives ainsi que ceux qui ont \u00e9t\u00e9 nomm\u00e9s \u00c9toile acad\u00e9mique de l&rsquo;ACSC, \u00c9toile acad\u00e9mique du RSEQ et les Cavaliers dipl\u00f4m\u00e9s qui ont maintenu une moyenne de 80 % ou plus au cours de leurs ann\u00e9es en tant que Cavalier. Vous trouverez ci-dessous la liste compl\u00e8te des laur\u00e9ats.<\/p>\n<p>Cinq Cavaliers ont \u00e9t\u00e9 nomm\u00e9s \u00e0 l&rsquo;\u00e9quipe acad\u00e9mique canadienne de l&rsquo;Association canadienne du sport coll\u00e9gial (ACSC) pour 2022-23. Le prix d&rsquo;excellence acad\u00e9mique de l&rsquo;ACSC est d\u00e9cern\u00e9 \u00e0 un \u00e9tudiant-athl\u00e8te qui a \u00e9t\u00e9 nomm\u00e9 \u00e0 l&rsquo;\u00e9quipe d&rsquo;\u00e9toiles de sa conf\u00e9rence, \u00e0 l&rsquo;\u00e9quipe d&rsquo;\u00e9toiles du championnat provincial ou \u00e0 l&rsquo;\u00e9quipe d&rsquo;\u00e9toiles du championnat de l&rsquo;ACSC et qui a obtenu une moyenne de 80 % ou plus au cours du semestre. Nos \u00e9toiles acad\u00e9miques canadiennes de 2022-23 sont :<\/p>\n<p><strong>Mariam Jama-Pelletier<\/strong> (soccer f\u00e9minin)<br \/>\n<strong>Sara Ricciardelli<\/strong> (Soccer f\u00e9minin)<br \/>\n<strong>Ana\u00efs Levasseur<\/strong> (basket-ball f\u00e9minin)<br \/>\n<strong>Chloe Oliver<\/strong> (basket-ball f\u00e9minin)<br \/>\n<strong>Caitlin Frost<\/strong> (basket-ball f\u00e9minin)<\/p>\n<p><b>Allexxa Diab<\/b> a re\u00e7u le bouclier athl\u00e9tique des Cavaliers, pr\u00e9sent\u00e9 chaque ann\u00e9e en guise d&rsquo;appr\u00e9ciation et de reconnaissance \u00e0 une personne qui a apport\u00e9 une contribution exceptionnelle au programme athl\u00e9tique des Cavaliers de Champlain. Allexxa a jou\u00e9 un r\u00f4le cl\u00e9 en aidant \u00e0 faire de notre personnel de jour de match l&rsquo;un des meilleurs au Qu\u00e9bec.<\/p>\n<p>Les candidates au titre d&rsquo;athl\u00e8te f\u00e9minine de l&rsquo;ann\u00e9e 2022-23 \u00e9taient <strong>Sara Ricciardelli<\/strong> (soccer f\u00e9minin), <strong>Lea Quiroz <\/strong>(volleyball f\u00e9minin) et <strong>Chloe Oliver<\/strong> (basket-ball f\u00e9minin), et c&rsquo;est Oliver qui a remport\u00e9 le prix. Chloe a \u00e9t\u00e9 nomm\u00e9e 1re \u00e9quipe d&rsquo;\u00e9toiles du RSEQ, joueuse de l&rsquo;ann\u00e9e du RSEQ, \u00e9toile canadienne de l&rsquo;ACSC et \u00e9toile acad\u00e9mique de l&rsquo;ACSC pour 2022-23, qui a vu les Cavali\u00e8res remporter une m\u00e9daille de bronze aux Championnats provinciaux du RSEQ en mars dernier. Au cours de ses trois ann\u00e9es \u00e0 Champlain, Chlo\u00e9 s&rsquo;est transform\u00e9e en une meneuse qui se soucie de son \u00e9quipe et qui est une meneuse tr\u00e8s respect\u00e9e au sein de son \u00e9quipe. Nous lui souhaitons bonne chance alors qu&rsquo;elle se dirige vers le D1 Davidson College en Caroline du Nord pour 2023 !<\/p>\n<p>Les nominations pour l&rsquo;athl\u00e8te masculin de l&rsquo;ann\u00e9e comprenaient <b>Xavier Lema\u00eetre<\/b> (course de cross-country), <strong>Sim\u00e9on Lalande<\/strong> (soccer masculin) et <strong>Alex J\u00e9tte<\/strong> (volleyball masculin). Xavier Lema\u00eetre, m\u00e9daill\u00e9 d&rsquo;or du RSEQ Sud-Ouest, m\u00e9daill\u00e9 de bronze provincial du RSEQ, m\u00e9daill\u00e9 de bronze national de l&rsquo;ACSC et \u00e9toile canadienne de l&rsquo;ACSC, a \u00e9t\u00e9 nomm\u00e9 le gagnant pour 2022-23. En plus de ses r\u00e9alisations personnelles, Xavier a men\u00e9 l&rsquo;\u00e9quipe masculine \u00e0 une m\u00e9daille d&rsquo;or r\u00e9gionale et \u00e0 la premi\u00e8re m\u00e9daille d&rsquo;or provinciale du RSEQ. Xavier a continuellement d\u00e9montr\u00e9 ses capacit\u00e9s et son leadership au cours de la saison, aidant les \u00e9quipes masculine et f\u00e9minine \u00e0 conna\u00eetre une autre excellente ann\u00e9e !<\/p>\n<p>L&rsquo;\u00e9quipe qui a obtenu la meilleure moyenne scolaire est l&rsquo;\u00e9quipe <strong>f\u00e9minine<\/strong> de <strong>volley-ball<\/strong>, qui a r\u00e9ussi 100 % de tous ses cours avec une moyenne de 83,6 %, tandis que le prix du Cavalier dipl\u00f4m\u00e9 ayant obtenu les meilleurs r\u00e9sultats scolaires a \u00e9t\u00e9 remis \u00e0 <strong>Justine Ratelle<\/strong>, de l&rsquo;\u00e9quipe f\u00e9minine de flag-football, qui a obtenu une moyenne de 95 % au cours de ses deux ann\u00e9es d&rsquo;\u00e9tudes en sciences de la sant\u00e9 !<\/p>\n<p>Des images de la soir\u00e9e sont disponibles dans les <a href=\"\u00ab\">galeries de photos de Champlain Athletics<\/a>.<\/p>\n<h3>Liste compl\u00e8te des prix<\/h3>\n<h4>Principaux prix<\/h4>\n<p>Bouclier athl\u00e9tique des Cavaliers : <strong>Allexxa Diab<\/strong><br \/>\nCavalier dipl\u00f4m\u00e9 avec la plus haute moyenne acad\u00e9mique : <strong>Justine Ratte<\/strong><br \/>\n\u00c9quipe des Cavaliers ayant obtenu la meilleure moyenne : <strong>Volley-ball f\u00e9minin<\/strong><br \/>\nAthl\u00e8te f\u00e9minine de l&rsquo;ann\u00e9e : <strong>Chloe Oliver<\/strong><br \/>\nAthl\u00e8te masculin de l&rsquo;ann\u00e9e : <strong>Xavier Lema\u00eetre<\/strong><\/p>\n<h4>Prix d&rsquo;\u00e9quipe<\/h4>\n<div class=\"gdlr-core-row-shortcode clearfix gdlr-core-item-rvpdlr\" ><div class=\"gdlr-core-column-shortcode gdlr-core-item-pdlr gdlr-core-column-0\" ><\/p>\n<h5>Badminton<\/h5>\n<p>Athl\u00e8te ayant le plus progress\u00e9 : <strong>Mathieu Tardif<\/strong><br \/>\nH\u00e9ros m\u00e9connu : <strong>Patrick Ho<\/strong><br \/>\nRecrue de l&rsquo;ann\u00e9e : <strong>Mathieu Tardif<\/strong><br \/>\nPrix du leadership sportif : <strong>Hanbert Zhang<\/strong><br \/>\nAthl\u00e8te le plus utile : <strong>Andrew Qui<\/strong><br \/>\nExcellence acad\u00e9mique : <strong>Mathieu Tardif<\/strong><\/p>\n<h5>Basket-ball masculin<\/h5>\n<p>Athl\u00e8te le plus am\u00e9lior\u00e9 : <strong>Alex Brouard<\/strong><br \/>\nH\u00e9ros m\u00e9connu : <strong>Th\u00e9o Tarlotin<\/strong><br \/>\nRecrue de l&rsquo;ann\u00e9e : <strong>Uriel-Kaider Ndome<\/strong><br \/>\nPrix du leadership sportif : <strong>Cardy Jean<\/strong><br \/>\nAthl\u00e8te le plus utile : <strong>Cardy Jean<\/strong><br \/>\nExcellence acad\u00e9mique : <strong>Uriel-Kaider Ndome<\/strong><\/p>\n<h5>Basket-ball f\u00e9minin<\/h5>\n<p>Athl\u00e8te ayant le plus progress\u00e9 : <strong>Divine Dibula<\/strong><br \/>\nH\u00e9ros m\u00e9connu : <strong>Phoebe Molgat<\/strong><br \/>\nRecrue de l&rsquo;ann\u00e9e : <strong>Ana\u00efs Levasseur<\/strong><br \/>\nPrix du leadership sportif : <strong>Divine Dibula<\/strong><br \/>\nAthl\u00e8te le plus utile : <strong>Chlo\u00e9 Oliver<\/strong><br \/>\nExcellence acad\u00e9mique : <strong>Mah\u00e9 Rabesa<\/strong><\/p>\n<h5>Course de fond<\/h5>\n<p>Athl\u00e8te masculin s&rsquo;\u00e9tant le plus am\u00e9lior\u00e9 : <strong>Simon Picard<\/strong><br \/>\nAthl\u00e8te f\u00e9minine la plus am\u00e9lior\u00e9e : <strong>Emmanuelle Chaput<\/strong><br \/>\nH\u00e9ros m\u00e9connu (homme) : <strong>Victor Tanner<\/strong><br \/>\nH\u00e9ros m\u00e9connu (f\u00e9minin) : <strong>Sofia Veilleux<\/strong><br \/>\nRecrue de l&rsquo;ann\u00e9e (homme) : <strong>C\u00e9dric Lalibert\u00e9<\/strong><br \/>\nRecrue de l&rsquo;ann\u00e9e (femme) : <strong>Jeanne Burton<\/strong><br \/>\nPrix du leadership sportif : <strong>Emmanuelle Chaput<\/strong><br \/>\nAthl\u00e8te le plus utile (masculin) : <strong>Xavier Lema\u00eetre<\/strong><br \/>\nAthl\u00e8te f\u00e9minine la plus utile : <strong>Emmanuelle Paquet<\/strong><br \/>\nExcellence acad\u00e9mique : <strong>Olivier Fagnant<\/strong><\/p>\n<h5>Football drapeau f\u00e9minin<\/h5>\n<p>Athl\u00e8te s&rsquo;\u00e9tant le plus am\u00e9lior\u00e9 : <strong>\u00c9loise Lefebvre<\/strong><br \/>\nH\u00e9ros m\u00e9connu : <strong>Kalliopi Kaminaris<\/strong><br \/>\nRecrue de l&rsquo;ann\u00e9e : <strong>Chlo\u00e9 Simard<\/strong><br \/>\nPrix du leadership sportif : <strong>Chlo\u00e9 Simard<\/strong><br \/>\nJoueuse d\u00e9fensive la plus utile : <strong>Florence Lamothe<\/strong><br \/>\nJoueuse offensive la plus utile : <strong>Oona Martel<\/strong><br \/>\nExcellence acad\u00e9mique : <strong>Justine Ratelle<\/strong><\/p>\n<p>\n<\/div><div class=\"gdlr-core-column-shortcode gdlr-core-item-pdlr gdlr-core-column-0\" ><\/p>\n<h5>Football<\/h5>\n<p>Athl\u00e8te ayant le plus progress\u00e9 : <strong>Philippe Olivier Pepin<\/strong><br \/>\nH\u00e9ros m\u00e9connu : <strong>William Rolland<\/strong><br \/>\nRecrue de l&rsquo;ann\u00e9e : <strong>Emyl Gregoire<\/strong><br \/>\nPrix Adam Taylor de leadership athl\u00e9tique : <strong>Noah Roy<\/strong><br \/>\nJoueur de ligne le plus utile : <strong>Noah Roy<\/strong><br \/>\nJoueur d\u00e9fensif le plus utile : <strong>Charles Lafontaine<\/strong><br \/>\nJoueur offensif le plus utile : <strong>Shamar Parkinson<\/strong><br \/>\nExcellence acad\u00e9mique : <strong>William Rolland<\/strong><\/p>\n<h5>Soccer masculin<\/h5>\n<p>Athl\u00e8te le plus am\u00e9lior\u00e9 : <strong>Jed&rsquo;n Saint-Phard<\/strong><br \/>\nH\u00e9ros m\u00e9connu : <strong>Jonah d&rsquo;Argenio<\/strong><br \/>\nRecrue de l&rsquo;ann\u00e9e : <strong>Thomas Fraser<\/strong><br \/>\nPrix du leadership athl\u00e9tique : <strong>Sim\u00e9on Lalande<\/strong><br \/>\nAthl\u00e8te le plus utile : <strong>Samir Djeha<\/strong><br \/>\nExcellence acad\u00e9mique : <strong>Mathis Cyr<\/strong><\/p>\n<h5>Soccer f\u00e9minin<\/h5>\n<p>Athl\u00e8te s&rsquo;\u00e9tant le plus am\u00e9lior\u00e9 : <strong>Mariam Jama-Pelletier<\/strong><br \/>\nH\u00e9ros m\u00e9connu : <strong>Marie-Ange Roy<\/strong><br \/>\nRecrue de l&rsquo;ann\u00e9e : <strong>Victoria-Anne Sobczak<\/strong><br \/>\nPrix de leadership sportif : <strong>Alexandra Boily-St-Pierre<\/strong><br \/>\nAthl\u00e8te la plus utile : <strong>Sara Ricciardelli<\/strong><br \/>\nExcellence acad\u00e9mique : <strong>Alexie des Ch\u00e2telets-Lynch<\/strong><\/p>\n<h5>Volleyball masculin<\/h5>\n<p>Athl\u00e8te s&rsquo;\u00e9tant le plus am\u00e9lior\u00e9 : <strong>Massil Philippe Serik<\/strong><br \/>\nH\u00e9ros m\u00e9connu : <strong>Nikolay Papanchev<\/strong><br \/>\nRecrue de l&rsquo;ann\u00e9e : <strong>Anson Wang<\/strong><br \/>\nPrix Jimmy Chen Fair Play : <strong>Alex Jett\u00e9<\/strong><br \/>\nAthl\u00e8te le plus utile : <strong>Alex Jett\u00e9<\/strong><br \/>\nExcellence acad\u00e9mique : <strong>Nihad Mahmalat<\/strong><\/p>\n<h5>Volleyball f\u00e9minin<\/h5>\n<p>Athl\u00e8te ayant le plus progress\u00e9 : <strong>Anne-Sophie Parent<\/strong><br \/>\nH\u00e9ros m\u00e9connu : <strong>Zo\u00e9 Charbonneau<\/strong><br \/>\nRecrue de l&rsquo;ann\u00e9e : <strong>Camilie Hinsek<\/strong><br \/>\nPrix de leadership sportif : <strong>Am\u00e9lie Bisson<\/strong><br \/>\nAthl\u00e8te la plus utile : <strong>Lea Quiroz<\/strong><br \/>\nExcellence acad\u00e9mique : <strong>Elizabeth Lefebvre<\/strong><\/p>\n<p>\n<\/div><\/div>\n<h4>Prix sp\u00e9ciaux<\/h4>\n<h5>RTP Comeback de l&rsquo;ann\u00e9e<\/h5>\n<p><strong>Phoebe Molgat<\/strong> (basket-ball f\u00e9minin)<\/p>\n<h5>Prix Empire-Lemontagne<\/h5>\n<p><strong>Sandrine Wemeni <\/strong>(Basket-ball f\u00e9minin)<br \/>\n<strong>Th\u00e9o Tarlotin<\/strong> (basket-ball masculin)<\/p>\n<h4>Prix acad\u00e9miques<\/h4>\n<h5>Equipe la plus am\u00e9lior\u00e9e<\/h5>\n<p>Basket-ball masculin<\/p>\n<h5>\u00c9quipe ayant la meilleure moyenne<\/h5>\n<p>Volley-ball f\u00e9minin<\/p>\n<h5>\u00c9tudiants canadiens<\/h5>\n<p>Le prix de l&rsquo;Association canadienne du sport coll\u00e9gial est d\u00e9cern\u00e9 \u00e0 un \u00e9tudiant-athl\u00e8te qui a \u00e9t\u00e9 nomm\u00e9 \u00e0 l&rsquo;\u00e9quipe d&rsquo;\u00e9toiles de sa conf\u00e9rence, \u00e0 l&rsquo;\u00e9quipe d&rsquo;\u00e9toiles du championnat provincial ou \u00e0 l&rsquo;\u00e9quipe d&rsquo;\u00e9toiles des championnats nationaux de l&rsquo;ACSC et qui a obtenu une moyenne de 80 % ou plus au cours du semestre.<br \/>\n<strong>Mariam Jama-Pelletier<\/strong> (Soccer f\u00e9minin)<br \/>\n<strong>Sara Ricciardelli<\/strong> (Soccer f\u00e9minin)<br \/>\n<strong>Ana\u00efs Levasseur<\/strong> (Basket-ball f\u00e9minin)<br \/>\n<strong>Chloe Oliver<\/strong> (Basket-ball f\u00e9minin)<br \/>\n<strong>Caitlin Frost<\/strong> (Basket-ball f\u00e9minin)<\/p>\n<h5>Athl\u00e8tes boursiers du RSEQ<\/h5>\n<p>Le RSEQ honore ses \u00e9tudiants-athl\u00e8tes qui ont obtenu une moyenne de 80 % ou plus au cours de leurs deux derni\u00e8res sessions compl\u00e8tes alors qu&rsquo;ils sont \u00e9tudiants-athl\u00e8tes dans leur Coll\u00e8ge. Les \u00e9tudiants-athl\u00e8tes suivants ont r\u00e9ussi cet exploit au cours des semestres d&rsquo;hiver 2022 et d&rsquo;automne 2022.<br \/>\n<div class=\"gdlr-core-row-shortcode clearfix gdlr-core-item-rvpdlr\" ><div class=\"gdlr-core-column-shortcode gdlr-core-item-pdlr gdlr-core-column-0\" ><\/p>\n<p>Kevin Constantineau (Badminton)<br \/>\nLo\u00efc Chen Kuang Piao | Badminton<br \/>\nPatrick Ho | Badminton<br \/>\nAur\u00e9lie Huynh Tuong | Badminton<br \/>\nKimberley Kam Sing | Badminton<br \/>\nAlexander Luo | Badminton<br \/>\nAndrew Qiu | Badminton<br \/>\nMathieu Tardif | Badminton<br \/>\nThanh Mai Vothang | Badminton<br \/>\nDaphn\u00e9e Beauchamp | Course de fond<br \/>\nOlivier B\u00e9langer | Course de fond<br \/>\n\u00c9va Fanny Bergeron | Course de fond<br \/>\nEmmanuelle Chaput | Course de fond<br \/>\nOlivier Fagnant | Course de fond<br \/>\nSimon Picard | Course de fond<br \/>\nMarek Pinard | Course de fond<br \/>\nRon Rozenberg | Course \u00e0 pied<br \/>\nAth\u00e9na Van Acker | Course de fond<br \/>\nEmma Veilleux | Course \u00e0 pied<br \/>\nSofia Veilleux | Course de fond<br \/>\nAlexia Verret | Course de fond<br \/>\nDylan Brassard | Football<br \/>\nPhilippe C\u00f4t\u00e9 | Football<br \/>\nKassem Farhat | Football<br \/>\nSamuel Hurtubise | Football<br \/>\nYasser Lachhab | Football<br \/>\nMathieu Larose | Football<br \/>\nWilliam Rolland | Football<br \/>\nMathis Cyr | Soccer masculin<br \/>\nAntoine Massoud | Soccer masculin<br \/>\nPhilippe P\u00e9loquin | Soccer masculin<br \/>\nLuca Preziosi | Soccer masculin<br \/>\nEmile Durocher | Volleyball masculin<\/p>\n<\/div><div class=\"gdlr-core-column-shortcode gdlr-core-item-pdlr gdlr-core-column-0\" ><p>Nikolay Papanchev | Volleyball masculin<br \/>\nMassil Philippe Serik | Volleyball masculin<br \/>\nAlex Ssuto | Volleyball masculin<br \/>\nVictor Ssuto | Volley-ball masculin<br \/>\nCaitlin Frost | Basket-ball f\u00e9minin<br \/>\nCandice Lienafa | Basket-ball f\u00e9minin<br \/>\nPhoebe Anne Molgat | Basket-ball f\u00e9minin<br \/>\nChloe Oliver | Basket-ball f\u00e9minin<br \/>\nMah\u00e9 Rabesa | Basket-ball f\u00e9minin<br \/>\nDenae Kiana Skelton | Basket-ball f\u00e9minin<br \/>\nAriane Grenier | Flag Football f\u00e9minin<br \/>\nFlorence Lamothe | Flag Football f\u00e9minin<br \/>\nFlorence Langlois | Flag Football f\u00e9minin<br \/>\nJulia Leclair | Football drapeau f\u00e9minin<br \/>\nJustine Plouffe | Football drapeau f\u00e9minin<br \/>\nJustine Ratelle | football am\u00e9ricain f\u00e9minin<br \/>\nAm\u00e9lie Beaudet-Gaudette | Soccer f\u00e9minin<br \/>\nEmilie Grondines | Soccer f\u00e9minin<br \/>\nMariam Jama-Pelletier | Soccer f\u00e9minin<br \/>\nArianne Lavoie | Soccer f\u00e9minin<br \/>\nAm\u00e9lya Mariette | Soccer f\u00e9minin<br \/>\nSara Ricciardelli | Soccer f\u00e9minin<br \/>\nJustine Beauchamp | Volleyball f\u00e9minin<br \/>\nAm\u00e9lie Bisson | Volleyball f\u00e9minin<br \/>\nZo\u00e9 Charbonneau | Volleyball f\u00e9minin<br \/>\nAm\u00e9lie Chiasson David | Volleyball f\u00e9minin<br \/>\nSofia-Rose Patenaude | Volleyball f\u00e9minin<br \/>\nLea Quiroz | Volleyball f\u00e9minin<br \/>\n\u00c9milie Rioux | Volleyball f\u00e9minin<br \/>\nMariya Sushko | Volleyball f\u00e9minin<\/p>\n<\/div><\/div><\/p>\n<h5>Cavaliers dipl\u00f4m\u00e9s avec des moyennes de 80%+ au cours de leur carri\u00e8re<\/h5>\n<p>67 Cavaliers seront dipl\u00f4m\u00e9s cette ann\u00e9e. Les \u00e9tudiants \u00ab avec distinction \u00bb sont des \u00e9tudiants dipl\u00f4m\u00e9s qui ont atteint et maintenu une moyenne de 80%+ au cours de leur carri\u00e8re.<br \/>\n<div class=\"gdlr-core-row-shortcode clearfix gdlr-core-item-rvpdlr\" ><div class=\"gdlr-core-column-shortcode gdlr-core-item-pdlr gdlr-core-column-0\" ><\/p>\n<p>Daphn\u00e9e Beauchamp<br \/>\nAm\u00e9lie Beaudet-Gaudette<br \/>\nOlivier B\u00e9langer<br \/>\n\u00c9va Fanny Bergeron<br \/>\nAm\u00e9lie Bisson<br \/>\nAlexandra Boily-St-Pierre<br \/>\nEmmanuelle Chaput<br \/>\nZo\u00e9 Charbonneau<br \/>\nLo\u00efc Chen Kuamg Piao<br \/>\nAm\u00e9lie Chiasson David<br \/>\nMathis Cyr<br \/>\nOlivier Fagnant<br \/>\nKassem Farhat<br \/>\nAriane Grenier<br \/>\nPatrick Ho<br \/>\nAur\u00e9lie Huynh Tuong<br \/>\nMariam Jama-Pelletier<br \/>\nRomain Kessler-Gorgeon<br \/>\nFlorence Lamothe<br \/>\nFlorence Langlois<br \/>\nMathieu Larose<br \/>\nArianne Lavoie<br \/>\nJulia Leclair<\/p>\n<\/div><div class=\"gdlr-core-column-shortcode gdlr-core-item-pdlr gdlr-core-column-0\" ><p>Alexander Luo<br \/>\nAm\u00e9lya Mariette<br \/>\nChlo\u00e9 Oliver<br \/>\nDounia Ouirzane<br \/>\nNikolay Papanchev<br \/>\nSofia-Rose Patenaude<br \/>\nSimon Picard<br \/>\nMarek Pinard<br \/>\nAndrew Qiu<br \/>\nLea Quiroz<br \/>\nMah\u00e9 Rabesa<br \/>\nJustine Ratelle<br \/>\nSara Ricciardelli<br \/>\n\u00c9milie Rioux<br \/>\nMassil Philippe Serik<br \/>\nAlex Ssuto<br \/>\nVictor Ssuto<br \/>\nMariya Sushko<br \/>\nMathieu Tardif<br \/>\nAth\u00e9na Van Acker<br \/>\nAlexia Verret<br \/>\nThanh Mai Vothang<\/p>\n<\/div><\/div><\/p>\n","protected":false},"excerpt":{"rendered":"<p>Les Cavaliers de Champlain Saint-Lambert ont tenu leur c\u00e9r\u00e9monie annuelle de remise des prix sportifs le mercredi 26 avril, mettant fin \u00e0 leur saison 2022-23 par une soir\u00e9e de c\u00e9l\u00e9bration. Plus de 150 \u00e9tudiants-athl\u00e8tes et 20 entra\u00eeneurs des 10 \u00e9quipes des Cavaliers \u00e9taient pr\u00e9sents, accompagn\u00e9s de Don Shewan (directeur du campus constitutif et directeur des [&hellip;]<\/p>\n","protected":false},"author":2,"featured_media":28133,"comment_status":"closed","ping_status":"open","sticky":false,"template":"","format":"standard","meta":{"footnotes":""},"categories":[541],"tags":[],"class_list":["post-30417","post","type-post","status-publish","format-standard","has-post-thumbnail","hentry","category-actualites-des-cavaliers"],"yoast_head":"<!-- This site is optimized with the Yoast SEO plugin v27.1.1 - https:\/\/yoast.com\/product\/yoast-seo-wordpress\/ -->\n<title>2023 Banquet de remise des prix des Cavaliers - Champlain Cavaliers<\/title>\n<meta name=\"robots\" content=\"index, follow, max-snippet:-1, max-image-preview:large, max-video-preview:-1\" \/>\n<link rel=\"canonical\" href=\"https:\/\/www.champlaincavaliers.com\/fr\/2023-cavaliers-awards-banquet\/\" \/>\n<meta property=\"og:locale\" content=\"fr_FR\" \/>\n<meta property=\"og:type\" content=\"article\" \/>\n<meta property=\"og:title\" content=\"2023 Banquet de remise des prix des Cavaliers - Champlain Cavaliers\" \/>\n<meta property=\"og:description\" content=\"Les Cavaliers de Champlain Saint-Lambert ont tenu leur c\u00e9r\u00e9monie annuelle de remise des prix sportifs le mercredi 26 avril, mettant fin \u00e0 leur saison 2022-23 par une soir\u00e9e de c\u00e9l\u00e9bration. Plus de 150 \u00e9tudiants-athl\u00e8tes et 20 entra\u00eeneurs des 10 \u00e9quipes des Cavaliers \u00e9taient pr\u00e9sents, accompagn\u00e9s de Don Shewan (directeur du campus constitutif et directeur des [&hellip;]\" \/>\n<meta property=\"og:url\" content=\"https:\/\/www.champlaincavaliers.com\/fr\/2023-cavaliers-awards-banquet\/\" \/>\n<meta property=\"og:site_name\" content=\"Champlain Cavaliers\" \/>\n<meta property=\"article:publisher\" content=\"https:\/\/www.facebook.com\/champlain.cavaliers\" \/>\n<meta property=\"article:published_time\" content=\"2023-05-02T20:31:39+00:00\" \/>\n<meta property=\"article:modified_time\" content=\"2024-07-25T19:11:19+00:00\" \/>\n<meta property=\"og:image\" content=\"https:\/\/www.champlaincavaliers.com\/wp-content\/uploads\/post_20230502_awardsnight-scaled.jpg\" \/>\n\t<meta property=\"og:image:width\" content=\"2560\" \/>\n\t<meta property=\"og:image:height\" content=\"1163\" \/>\n\t<meta property=\"og:image:type\" content=\"image\/jpeg\" \/>\n<meta name=\"author\" content=\"Vince Amato\" \/>\n<meta name=\"twitter:card\" content=\"summary_large_image\" \/>\n<meta name=\"twitter:creator\" content=\"@Champlain_Cavs\" \/>\n<meta name=\"twitter:site\" content=\"@Champlain_Cavs\" \/>\n<meta name=\"twitter:label1\" content=\"\u00c9crit par\" \/>\n\t<meta name=\"twitter:data1\" content=\"Vince Amato\" \/>\n\t<meta name=\"twitter:label2\" content=\"Dur\u00e9e de lecture estim\u00e9e\" \/>\n\t<meta name=\"twitter:data2\" content=\"8 minutes\" \/>\n<script type=\"application\/ld+json\" class=\"yoast-schema-graph\">{\"@context\":\"https:\/\/schema.org\",\"@graph\":[{\"@type\":\"Article\",\"@id\":\"https:\/\/www.champlaincavaliers.com\/fr\/2023-cavaliers-awards-banquet\/#article\",\"isPartOf\":{\"@id\":\"https:\/\/www.champlaincavaliers.com\/fr\/2023-cavaliers-awards-banquet\/\"},\"author\":{\"name\":\"Vince Amato\",\"@id\":\"https:\/\/www.champlaincavaliers.com\/#\/schema\/person\/40ae0cfb89ceb355e05cf050289167d3\"},\"headline\":\"2023 Banquet de remise des prix des Cavaliers\",\"datePublished\":\"2023-05-02T20:31:39+00:00\",\"dateModified\":\"2024-07-25T19:11:19+00:00\",\"mainEntityOfPage\":{\"@id\":\"https:\/\/www.champlaincavaliers.com\/fr\/2023-cavaliers-awards-banquet\/\"},\"wordCount\":2044,\"publisher\":{\"@id\":\"https:\/\/www.champlaincavaliers.com\/#organization\"},\"image\":{\"@id\":\"https:\/\/www.champlaincavaliers.com\/fr\/2023-cavaliers-awards-banquet\/#primaryimage\"},\"thumbnailUrl\":\"https:\/\/www.champlaincavaliers.com\/wp-content\/uploads\/post_20230502_awardsnight-scaled.jpg\",\"articleSection\":[\"Actualit\u00e9s des cavaliers\"],\"inLanguage\":\"fr-FR\"},{\"@type\":\"WebPage\",\"@id\":\"https:\/\/www.champlaincavaliers.com\/fr\/2023-cavaliers-awards-banquet\/\",\"url\":\"https:\/\/www.champlaincavaliers.com\/fr\/2023-cavaliers-awards-banquet\/\",\"name\":\"2023 Banquet de remise des prix des Cavaliers - Champlain Cavaliers\",\"isPartOf\":{\"@id\":\"https:\/\/www.champlaincavaliers.com\/#website\"},\"primaryImageOfPage\":{\"@id\":\"https:\/\/www.champlaincavaliers.com\/fr\/2023-cavaliers-awards-banquet\/#primaryimage\"},\"image\":{\"@id\":\"https:\/\/www.champlaincavaliers.com\/fr\/2023-cavaliers-awards-banquet\/#primaryimage\"},\"thumbnailUrl\":\"https:\/\/www.champlaincavaliers.com\/wp-content\/uploads\/post_20230502_awardsnight-scaled.jpg\",\"datePublished\":\"2023-05-02T20:31:39+00:00\",\"dateModified\":\"2024-07-25T19:11:19+00:00\",\"breadcrumb\":{\"@id\":\"https:\/\/www.champlaincavaliers.com\/fr\/2023-cavaliers-awards-banquet\/#breadcrumb\"},\"inLanguage\":\"fr-FR\",\"potentialAction\":[{\"@type\":\"ReadAction\",\"target\":[\"https:\/\/www.champlaincavaliers.com\/fr\/2023-cavaliers-awards-banquet\/\"]}]},{\"@type\":\"ImageObject\",\"inLanguage\":\"fr-FR\",\"@id\":\"https:\/\/www.champlaincavaliers.com\/fr\/2023-cavaliers-awards-banquet\/#primaryimage\",\"url\":\"https:\/\/www.champlaincavaliers.com\/wp-content\/uploads\/post_20230502_awardsnight-scaled.jpg\",\"contentUrl\":\"https:\/\/www.champlaincavaliers.com\/wp-content\/uploads\/post_20230502_awardsnight-scaled.jpg\",\"width\":2560,\"height\":1163},{\"@type\":\"BreadcrumbList\",\"@id\":\"https:\/\/www.champlaincavaliers.com\/fr\/2023-cavaliers-awards-banquet\/#breadcrumb\",\"itemListElement\":[{\"@type\":\"ListItem\",\"position\":1,\"name\":\"Home\",\"item\":\"https:\/\/www.champlaincavaliers.com\/fr\/\"},{\"@type\":\"ListItem\",\"position\":2,\"name\":\"2023 Banquet de remise des prix des Cavaliers\"}]},{\"@type\":\"WebSite\",\"@id\":\"https:\/\/www.champlaincavaliers.com\/#website\",\"url\":\"https:\/\/www.champlaincavaliers.com\/\",\"name\":\"Champlain Cavaliers\",\"description\":\"Home of the Champlain Saint-Lambert Cavaliers\",\"publisher\":{\"@id\":\"https:\/\/www.champlaincavaliers.com\/#organization\"},\"potentialAction\":[{\"@type\":\"SearchAction\",\"target\":{\"@type\":\"EntryPoint\",\"urlTemplate\":\"https:\/\/www.champlaincavaliers.com\/?s={search_term_string}\"},\"query-input\":{\"@type\":\"PropertyValueSpecification\",\"valueRequired\":true,\"valueName\":\"search_term_string\"}}],\"inLanguage\":\"fr-FR\"},{\"@type\":\"Organization\",\"@id\":\"https:\/\/www.champlaincavaliers.com\/#organization\",\"name\":\"Champlain Cavaliers\",\"url\":\"https:\/\/www.champlaincavaliers.com\/\",\"logo\":{\"@type\":\"ImageObject\",\"inLanguage\":\"fr-FR\",\"@id\":\"https:\/\/www.champlaincavaliers.com\/#\/schema\/logo\/image\/\",\"url\":\"https:\/\/champlaincavaliers.com\/wp-content\/uploads\/SLA-1.png\",\"contentUrl\":\"https:\/\/champlaincavaliers.com\/wp-content\/uploads\/SLA-1.png\",\"width\":1500,\"height\":1500,\"caption\":\"Champlain Cavaliers\"},\"image\":{\"@id\":\"https:\/\/www.champlaincavaliers.com\/#\/schema\/logo\/image\/\"},\"sameAs\":[\"https:\/\/www.facebook.com\/champlain.cavaliers\",\"https:\/\/x.com\/Champlain_Cavs\",\"https:\/\/www.instagram.com\/champlain.cavaliers\"]},{\"@type\":\"Person\",\"@id\":\"https:\/\/www.champlaincavaliers.com\/#\/schema\/person\/40ae0cfb89ceb355e05cf050289167d3\",\"name\":\"Vince Amato\",\"image\":{\"@type\":\"ImageObject\",\"inLanguage\":\"fr-FR\",\"@id\":\"https:\/\/www.champlaincavaliers.com\/#\/schema\/person\/image\/\",\"url\":\"https:\/\/secure.gravatar.com\/avatar\/aba2bf55048800b03c6336b3d2edd6cc1c5e834040d00baea45d42c44a0638fe?s=96&d=mm&r=g\",\"contentUrl\":\"https:\/\/secure.gravatar.com\/avatar\/aba2bf55048800b03c6336b3d2edd6cc1c5e834040d00baea45d42c44a0638fe?s=96&d=mm&r=g\",\"caption\":\"Vince Amato\"},\"url\":\"https:\/\/www.champlaincavaliers.com\/fr\/author\/amato\/\"}]}<\/script>\n<!-- \/ Yoast SEO plugin. -->","yoast_head_json":{"title":"2023 Banquet de remise des prix des Cavaliers - Champlain Cavaliers","robots":{"index":"index","follow":"follow","max-snippet":"max-snippet:-1","max-image-preview":"max-image-preview:large","max-video-preview":"max-video-preview:-1"},"canonical":"https:\/\/www.champlaincavaliers.com\/fr\/2023-cavaliers-awards-banquet\/","og_locale":"fr_FR","og_type":"article","og_title":"2023 Banquet de remise des prix des Cavaliers - Champlain Cavaliers","og_description":"Les Cavaliers de Champlain Saint-Lambert ont tenu leur c\u00e9r\u00e9monie annuelle de remise des prix sportifs le mercredi 26 avril, mettant fin \u00e0 leur saison 2022-23 par une soir\u00e9e de c\u00e9l\u00e9bration. Plus de 150 \u00e9tudiants-athl\u00e8tes et 20 entra\u00eeneurs des 10 \u00e9quipes des Cavaliers \u00e9taient pr\u00e9sents, accompagn\u00e9s de Don Shewan (directeur du campus constitutif et directeur des [&hellip;]","og_url":"https:\/\/www.champlaincavaliers.com\/fr\/2023-cavaliers-awards-banquet\/","og_site_name":"Champlain Cavaliers","article_publisher":"https:\/\/www.facebook.com\/champlain.cavaliers","article_published_time":"2023-05-02T20:31:39+00:00","article_modified_time":"2024-07-25T19:11:19+00:00","og_image":[{"width":2560,"height":1163,"url":"https:\/\/www.champlaincavaliers.com\/wp-content\/uploads\/post_20230502_awardsnight-scaled.jpg","type":"image\/jpeg"}],"author":"Vince Amato","twitter_card":"summary_large_image","twitter_creator":"@Champlain_Cavs","twitter_site":"@Champlain_Cavs","twitter_misc":{"\u00c9crit par":"Vince Amato","Dur\u00e9e de lecture estim\u00e9e":"8 minutes"},"schema":{"@context":"https:\/\/schema.org","@graph":[{"@type":"Article","@id":"https:\/\/www.champlaincavaliers.com\/fr\/2023-cavaliers-awards-banquet\/#article","isPartOf":{"@id":"https:\/\/www.champlaincavaliers.com\/fr\/2023-cavaliers-awards-banquet\/"},"author":{"name":"Vince Amato","@id":"https:\/\/www.champlaincavaliers.com\/#\/schema\/person\/40ae0cfb89ceb355e05cf050289167d3"},"headline":"2023 Banquet de remise des prix des Cavaliers","datePublished":"2023-05-02T20:31:39+00:00","dateModified":"2024-07-25T19:11:19+00:00","mainEntityOfPage":{"@id":"https:\/\/www.champlaincavaliers.com\/fr\/2023-cavaliers-awards-banquet\/"},"wordCount":2044,"publisher":{"@id":"https:\/\/www.champlaincavaliers.com\/#organization"},"image":{"@id":"https:\/\/www.champlaincavaliers.com\/fr\/2023-cavaliers-awards-banquet\/#primaryimage"},"thumbnailUrl":"https:\/\/www.champlaincavaliers.com\/wp-content\/uploads\/post_20230502_awardsnight-scaled.jpg","articleSection":["Actualit\u00e9s des cavaliers"],"inLanguage":"fr-FR"},{"@type":"WebPage","@id":"https:\/\/www.champlaincavaliers.com\/fr\/2023-cavaliers-awards-banquet\/","url":"https:\/\/www.champlaincavaliers.com\/fr\/2023-cavaliers-awards-banquet\/","name":"2023 Banquet de remise des prix des Cavaliers - Champlain Cavaliers","isPartOf":{"@id":"https:\/\/www.champlaincavaliers.com\/#website"},"primaryImageOfPage":{"@id":"https:\/\/www.champlaincavaliers.com\/fr\/2023-cavaliers-awards-banquet\/#primaryimage"},"image":{"@id":"https:\/\/www.champlaincavaliers.com\/fr\/2023-cavaliers-awards-banquet\/#primaryimage"},"thumbnailUrl":"https:\/\/www.champlaincavaliers.com\/wp-content\/uploads\/post_20230502_awardsnight-scaled.jpg","datePublished":"2023-05-02T20:31:39+00:00","dateModified":"2024-07-25T19:11:19+00:00","breadcrumb":{"@id":"https:\/\/www.champlaincavaliers.com\/fr\/2023-cavaliers-awards-banquet\/#breadcrumb"},"inLanguage":"fr-FR","potentialAction":[{"@type":"ReadAction","target":["https:\/\/www.champlaincavaliers.com\/fr\/2023-cavaliers-awards-banquet\/"]}]},{"@type":"ImageObject","inLanguage":"fr-FR","@id":"https:\/\/www.champlaincavaliers.com\/fr\/2023-cavaliers-awards-banquet\/#primaryimage","url":"https:\/\/www.champlaincavaliers.com\/wp-content\/uploads\/post_20230502_awardsnight-scaled.jpg","contentUrl":"https:\/\/www.champlaincavaliers.com\/wp-content\/uploads\/post_20230502_awardsnight-scaled.jpg","width":2560,"height":1163},{"@type":"BreadcrumbList","@id":"https:\/\/www.champlaincavaliers.com\/fr\/2023-cavaliers-awards-banquet\/#breadcrumb","itemListElement":[{"@type":"ListItem","position":1,"name":"Home","item":"https:\/\/www.champlaincavaliers.com\/fr\/"},{"@type":"ListItem","position":2,"name":"2023 Banquet de remise des prix des Cavaliers"}]},{"@type":"WebSite","@id":"https:\/\/www.champlaincavaliers.com\/#website","url":"https:\/\/www.champlaincavaliers.com\/","name":"Champlain Cavaliers","description":"Home of the Champlain Saint-Lambert Cavaliers","publisher":{"@id":"https:\/\/www.champlaincavaliers.com\/#organization"},"potentialAction":[{"@type":"SearchAction","target":{"@type":"EntryPoint","urlTemplate":"https:\/\/www.champlaincavaliers.com\/?s={search_term_string}"},"query-input":{"@type":"PropertyValueSpecification","valueRequired":true,"valueName":"search_term_string"}}],"inLanguage":"fr-FR"},{"@type":"Organization","@id":"https:\/\/www.champlaincavaliers.com\/#organization","name":"Champlain Cavaliers","url":"https:\/\/www.champlaincavaliers.com\/","logo":{"@type":"ImageObject","inLanguage":"fr-FR","@id":"https:\/\/www.champlaincavaliers.com\/#\/schema\/logo\/image\/","url":"https:\/\/champlaincavaliers.com\/wp-content\/uploads\/SLA-1.png","contentUrl":"https:\/\/champlaincavaliers.com\/wp-content\/uploads\/SLA-1.png","width":1500,"height":1500,"caption":"Champlain Cavaliers"},"image":{"@id":"https:\/\/www.champlaincavaliers.com\/#\/schema\/logo\/image\/"},"sameAs":["https:\/\/www.facebook.com\/champlain.cavaliers","https:\/\/x.com\/Champlain_Cavs","https:\/\/www.instagram.com\/champlain.cavaliers"]},{"@type":"Person","@id":"https:\/\/www.champlaincavaliers.com\/#\/schema\/person\/40ae0cfb89ceb355e05cf050289167d3","name":"Vince Amato","image":{"@type":"ImageObject","inLanguage":"fr-FR","@id":"https:\/\/www.champlaincavaliers.com\/#\/schema\/person\/image\/","url":"https:\/\/secure.gravatar.com\/avatar\/aba2bf55048800b03c6336b3d2edd6cc1c5e834040d00baea45d42c44a0638fe?s=96&d=mm&r=g","contentUrl":"https:\/\/secure.gravatar.com\/avatar\/aba2bf55048800b03c6336b3d2edd6cc1c5e834040d00baea45d42c44a0638fe?s=96&d=mm&r=g","caption":"Vince Amato"},"url":"https:\/\/www.champlaincavaliers.com\/fr\/author\/amato\/"}]}},"_links":{"self":[{"href":"https:\/\/www.champlaincavaliers.com\/fr\/wp-json\/wp\/v2\/posts\/30417","targetHints":{"allow":["GET"]}}],"collection":[{"href":"https:\/\/www.champlaincavaliers.com\/fr\/wp-json\/wp\/v2\/posts"}],"about":[{"href":"https:\/\/www.champlaincavaliers.com\/fr\/wp-json\/wp\/v2\/types\/post"}],"author":[{"embeddable":true,"href":"https:\/\/www.champlaincavaliers.com\/fr\/wp-json\/wp\/v2\/users\/2"}],"replies":[{"embeddable":true,"href":"https:\/\/www.champlaincavaliers.com\/fr\/wp-json\/wp\/v2\/comments?post=30417"}],"version-history":[{"count":2,"href":"https:\/\/www.champlaincavaliers.com\/fr\/wp-json\/wp\/v2\/posts\/30417\/revisions"}],"predecessor-version":[{"id":30419,"href":"https:\/\/www.champlaincavaliers.com\/fr\/wp-json\/wp\/v2\/posts\/30417\/revisions\/30419"}],"wp:featuredmedia":[{"embeddable":true,"href":"https:\/\/www.champlaincavaliers.com\/fr\/wp-json\/wp\/v2\/media\/28133"}],"wp:attachment":[{"href":"https:\/\/www.champlaincavaliers.com\/fr\/wp-json\/wp\/v2\/media?parent=30417"}],"wp:term":[{"taxonomy":"category","embeddable":true,"href":"https:\/\/www.champlaincavaliers.com\/fr\/wp-json\/wp\/v2\/categories?post=30417"},{"taxonomy":"post_tag","embeddable":true,"href":"https:\/\/www.champlaincavaliers.com\/fr\/wp-json\/wp\/v2\/tags?post=30417"}],"curies":[{"name":"wp","href":"https:\/\/api.w.org\/{rel}","templated":true}]}}