{"id":29145,"date":"2023-10-27T20:20:05","date_gmt":"2023-10-28T00:20:05","guid":{"rendered":"https:\/\/champcavdev.wpenginepowered.com\/?p=29145"},"modified":"2024-07-25T14:54:59","modified_gmt":"2024-07-25T18:54:59","slug":"cavaliers-capture-accolades-with-2023-rseq-all-star-awards","status":"publish","type":"post","link":"https:\/\/www.champlaincavaliers.com\/fr\/cavaliers-capture-accolades-with-2023-rseq-all-star-awards\/","title":{"rendered":"Les Cavaliers remportent les honneurs lors de l&rsquo;attribution du Prix des \u00e9toiles du RSEQ 2023"},"content":{"rendered":"<p>Le RSEQ a annonc\u00e9 cette ann\u00e9e les \u00e9toiles et les laur\u00e9ats des prix annuels pour la saison 2023 dans la ligue coll\u00e9giale de soccer D1.Plusieurs de nos \u00e9tudiants-athl\u00e8tes ont obtenu des honneurs pour leurs r\u00e9alisations au cours de la derni\u00e8re saison !<br \/>\nLes \u00e9toiles 2023 de Soocer sont :<br \/>\nVictoria-Anne Sobczak | 1\u00e8re \u00e9quipe d&rsquo;\u00e9toiles du RSEQ (soccer f\u00e9minin)<br \/>\n\u00c9milie Grondines | 1\u00e8re \u00e9quipe d&rsquo;\u00e9toiles du RSEQ (soccer f\u00e9minin)<br \/>\nMaude Savaria | 1\u00e8re \u00e9quipe d&rsquo;\u00e9toiles du RSEQ (soccer f\u00e9minin)<br \/>\nFred de Repentigny | 1\u00e8re \u00e9quipe d&rsquo;\u00e9toiles du RSEQ (soccer masculin)<br \/>\nSamir Djeha | 1\u00e8re \u00e9quipe d&rsquo;\u00e9toiles du RSEQ (soccer masculin)<br \/>\nVictoria Dupont | 2e \u00e9quipe d&rsquo;\u00e9toiles du RSEQ (soccer f\u00e9minin)<br \/>\nBrianna Pinazza | 2e \u00e9quipe d&rsquo;\u00e9toiles du RSEQ (soccer f\u00e9minin)<br \/>\nJulien Raymond | 2e \u00e9quipe d&rsquo;\u00e9toiles du RSEQ (soccer masculin)<br \/>\nAntoine Massoud | 2e \u00e9quipe d&rsquo;\u00e9toiles du RSEQ (soccer masculin)<br \/>\nM\u00e9lodie Greciet | \u00c9toile acad\u00e9mique du RSEQ<br \/>\nAntoine Massoud | \u00c9toile acad\u00e9mique du RSEQ<\/p>\n<p>De plus, les prix annuels pour l&rsquo;esprit sportif et l&rsquo;esprit d&rsquo;\u00e9quipe, le joueur\/gardien\/entra\u00eeneur\/recrue et l&rsquo;\u00e9tudiant-athl\u00e8te de l&rsquo;ann\u00e9e sont \u00e9galement d\u00e9cern\u00e9s, tel que vot\u00e9 par les membres de la ligue. Les r\u00e9cipiendaires des Cavaliers pour 2023-24 sont :<\/p>\n<h4><strong><img loading=\"lazy\" decoding=\"async\" class=\"alignleft wp-image-25314\" src=\"https:\/\/champlaincavaliers.com\/wp-content\/uploads\/Roy-X3-6-683x1024.jpg\" alt=\"\" width=\"67\" height=\"100\" \/><\/strong><\/h4>\n<h4><strong>2023 Recrue de l&rsquo;ann\u00e9e du RSEQ | Soccer f\u00e9minin &#8211; F\u00e9licia Roy<\/strong><\/h4>\n<h4><strong>\u00a0<\/strong><\/h4>\n<p>&nbsp;<\/p>\n<h4><img loading=\"lazy\" decoding=\"async\" class=\"alignleft wp-image-25322\" src=\"https:\/\/champlaincavaliers.com\/wp-content\/uploads\/Stabile-X3-2-683x1024.jpg\" alt=\"\" width=\"67\" height=\"100\" \/><\/h4>\n<h4><strong>2023 Gardienne de l&rsquo;ann\u00e9e du RSEQ | Soccer f\u00e9minin &#8211; Rosalie Stabil<\/strong><\/h4>\n<p>&nbsp;<\/p>\n<p>&nbsp;<\/p>\n<h4><img loading=\"lazy\" decoding=\"async\" class=\"alignleft wp-image-25245\" src=\"https:\/\/champlaincavaliers.com\/wp-content\/uploads\/Massoud-X3-2-683x1024.jpg\" alt=\"\" width=\"67\" height=\"100\" \/><\/h4>\n<h4><strong>2023 \u00c9tudiant-athl\u00e8te de l&rsquo;ann\u00e9e du RSEQ | Soccer masculin &#8211; Antoine Massou<\/strong><\/h4>\n<p>&nbsp;<\/p>\n<p>&nbsp;<\/p>\n<h4><img loading=\"lazy\" decoding=\"async\" class=\"alignleft wp-image-26030\" src=\"https:\/\/champlaincavaliers.com\/wp-content\/uploads\/Coach_Orside-683x1024.jpg\" alt=\"\" width=\"67\" height=\"100\" srcset=\"https:\/\/www.champlaincavaliers.com\/wp-content\/uploads\/Coach_Orside-683x1024.jpg 683w, https:\/\/www.champlaincavaliers.com\/wp-content\/uploads\/Coach_Orside-200x300.jpg 200w, https:\/\/www.champlaincavaliers.com\/wp-content\/uploads\/Coach_Orside-768x1152.jpg 768w, https:\/\/www.champlaincavaliers.com\/wp-content\/uploads\/Coach_Orside-1024x1536.jpg 1024w, https:\/\/www.champlaincavaliers.com\/wp-content\/uploads\/Coach_Orside-85x128.jpg 85w, https:\/\/www.champlaincavaliers.com\/wp-content\/uploads\/Coach_Orside-21x32.jpg 21w, https:\/\/www.champlaincavaliers.com\/wp-content\/uploads\/Coach_Orside.jpg 1200w\" sizes=\"auto, (max-width: 67px) 100vw, 67px\" \/><\/h4>\n<h4><strong>2023 Entra\u00eeneur de l&rsquo;ann\u00e9e du RSEQ | Soccer f\u00e9minin &#8211; Vincent Orsid<\/strong><\/h4>\n<p>&nbsp;<\/p>\n<p>&nbsp;<\/p>\n<h4><strong>F\u00e9licitations et bravo \u00e0 tous nos r\u00e9cipiendaires et laur\u00e9ats !<\/strong><\/h4>\n","protected":false},"excerpt":{"rendered":"<p>Le RSEQ a annonc\u00e9 cette ann\u00e9e les \u00e9toiles et les laur\u00e9ats des prix annuels pour la saison 2023 dans la ligue coll\u00e9giale de soccer D1.Plusieurs de nos \u00e9tudiants-athl\u00e8tes ont obtenu des honneurs pour leurs r\u00e9alisations au cours de la derni\u00e8re saison ! Les \u00e9toiles 2023 de Soocer sont : Victoria-Anne Sobczak | 1\u00e8re \u00e9quipe d&rsquo;\u00e9toiles [&hellip;]<\/p>\n","protected":false},"author":2,"featured_media":28423,"comment_status":"closed","ping_status":"open","sticky":false,"template":"","format":"standard","meta":{"footnotes":""},"categories":[541,560,566,567],"tags":[568,554,562,557,571,558,564,572],"class_list":["post-29145","post","type-post","status-publish","format-standard","has-post-thumbnail","hentry","category-actualites-des-cavaliers","category-cavaliers-top-fr","category-msoc-fr","category-wsoc-fr","tag-all-stars-fr","tag-cavaliers-fr","tag-ccaa-fr","tag-intercollegiate-sports-fr","tag-mens-soccer-fr-2","tag-rseq-fr","tag-student-athletes-fr","tag-womens-soccer-fr-2"],"yoast_head":"<!-- This site is optimized with the Yoast SEO plugin v27.1.1 - https:\/\/yoast.com\/product\/yoast-seo-wordpress\/ -->\n<title>Les Cavaliers remportent les honneurs lors de l&#039;attribution du Prix des \u00e9toiles du RSEQ 2023 - Champlain Cavaliers<\/title>\n<meta name=\"robots\" content=\"index, follow, max-snippet:-1, max-image-preview:large, max-video-preview:-1\" \/>\n<link rel=\"canonical\" href=\"https:\/\/www.champlaincavaliers.com\/fr\/cavaliers-capture-accolades-with-2023-rseq-all-star-awards\/\" \/>\n<meta property=\"og:locale\" content=\"fr_FR\" \/>\n<meta property=\"og:type\" content=\"article\" \/>\n<meta property=\"og:title\" content=\"Les Cavaliers remportent les honneurs lors de l&#039;attribution du Prix des \u00e9toiles du RSEQ 2023 - Champlain Cavaliers\" \/>\n<meta property=\"og:description\" content=\"Le RSEQ a annonc\u00e9 cette ann\u00e9e les \u00e9toiles et les laur\u00e9ats des prix annuels pour la saison 2023 dans la ligue coll\u00e9giale de soccer D1.Plusieurs de nos \u00e9tudiants-athl\u00e8tes ont obtenu des honneurs pour leurs r\u00e9alisations au cours de la derni\u00e8re saison ! Les \u00e9toiles 2023 de Soocer sont : Victoria-Anne Sobczak | 1\u00e8re \u00e9quipe d&rsquo;\u00e9toiles [&hellip;]\" \/>\n<meta property=\"og:url\" content=\"https:\/\/www.champlaincavaliers.com\/fr\/cavaliers-capture-accolades-with-2023-rseq-all-star-awards\/\" \/>\n<meta property=\"og:site_name\" content=\"Champlain Cavaliers\" \/>\n<meta property=\"article:publisher\" content=\"https:\/\/www.facebook.com\/champlain.cavaliers\" \/>\n<meta property=\"article:published_time\" content=\"2023-10-28T00:20:05+00:00\" \/>\n<meta property=\"article:modified_time\" content=\"2024-07-25T18:54:59+00:00\" \/>\n<meta property=\"og:image\" content=\"https:\/\/www.champlaincavaliers.com\/wp-content\/uploads\/2023-24-WSOC-All-Stars.png\" \/>\n\t<meta property=\"og:image:width\" content=\"1920\" \/>\n\t<meta property=\"og:image:height\" content=\"1080\" \/>\n\t<meta property=\"og:image:type\" content=\"image\/png\" \/>\n<meta name=\"author\" content=\"Vince Amato\" \/>\n<meta name=\"twitter:card\" content=\"summary_large_image\" \/>\n<meta name=\"twitter:creator\" content=\"@Champlain_Cavs\" \/>\n<meta name=\"twitter:site\" content=\"@Champlain_Cavs\" \/>\n<meta name=\"twitter:label1\" content=\"\u00c9crit par\" \/>\n\t<meta name=\"twitter:data1\" content=\"Vince Amato\" \/>\n\t<meta name=\"twitter:label2\" content=\"Dur\u00e9e de lecture estim\u00e9e\" \/>\n\t<meta name=\"twitter:data2\" content=\"3 minutes\" \/>\n<script type=\"application\/ld+json\" class=\"yoast-schema-graph\">{\"@context\":\"https:\/\/schema.org\",\"@graph\":[{\"@type\":\"Article\",\"@id\":\"https:\/\/www.champlaincavaliers.com\/fr\/cavaliers-capture-accolades-with-2023-rseq-all-star-awards\/#article\",\"isPartOf\":{\"@id\":\"https:\/\/www.champlaincavaliers.com\/fr\/cavaliers-capture-accolades-with-2023-rseq-all-star-awards\/\"},\"author\":{\"name\":\"Vince Amato\",\"@id\":\"https:\/\/www.champlaincavaliers.com\/#\/schema\/person\/40ae0cfb89ceb355e05cf050289167d3\"},\"headline\":\"Les Cavaliers remportent les honneurs lors de l&rsquo;attribution du Prix des \u00e9toiles du RSEQ 2023\",\"datePublished\":\"2023-10-28T00:20:05+00:00\",\"dateModified\":\"2024-07-25T18:54:59+00:00\",\"mainEntityOfPage\":{\"@id\":\"https:\/\/www.champlaincavaliers.com\/fr\/cavaliers-capture-accolades-with-2023-rseq-all-star-awards\/\"},\"wordCount\":300,\"publisher\":{\"@id\":\"https:\/\/www.champlaincavaliers.com\/#organization\"},\"image\":{\"@id\":\"https:\/\/www.champlaincavaliers.com\/fr\/cavaliers-capture-accolades-with-2023-rseq-all-star-awards\/#primaryimage\"},\"thumbnailUrl\":\"https:\/\/www.champlaincavaliers.com\/wp-content\/uploads\/2023-24-WSOC-All-Stars.png\",\"keywords\":[\"all-stars\",\"cavaliers\",\"ccaa\",\"intercollegiate sports\",\"men's soccer\",\"rseq\",\"student athletes\",\"women's soccer\"],\"articleSection\":[\"Actualit\u00e9s des cavaliers\",\"Cavaliers Top\",\"MSOC\",\"WSOC\"],\"inLanguage\":\"fr-FR\"},{\"@type\":\"WebPage\",\"@id\":\"https:\/\/www.champlaincavaliers.com\/fr\/cavaliers-capture-accolades-with-2023-rseq-all-star-awards\/\",\"url\":\"https:\/\/www.champlaincavaliers.com\/fr\/cavaliers-capture-accolades-with-2023-rseq-all-star-awards\/\",\"name\":\"Les Cavaliers remportent les honneurs lors de l'attribution du Prix des \u00e9toiles du RSEQ 2023 - Champlain Cavaliers\",\"isPartOf\":{\"@id\":\"https:\/\/www.champlaincavaliers.com\/#website\"},\"primaryImageOfPage\":{\"@id\":\"https:\/\/www.champlaincavaliers.com\/fr\/cavaliers-capture-accolades-with-2023-rseq-all-star-awards\/#primaryimage\"},\"image\":{\"@id\":\"https:\/\/www.champlaincavaliers.com\/fr\/cavaliers-capture-accolades-with-2023-rseq-all-star-awards\/#primaryimage\"},\"thumbnailUrl\":\"https:\/\/www.champlaincavaliers.com\/wp-content\/uploads\/2023-24-WSOC-All-Stars.png\",\"datePublished\":\"2023-10-28T00:20:05+00:00\",\"dateModified\":\"2024-07-25T18:54:59+00:00\",\"breadcrumb\":{\"@id\":\"https:\/\/www.champlaincavaliers.com\/fr\/cavaliers-capture-accolades-with-2023-rseq-all-star-awards\/#breadcrumb\"},\"inLanguage\":\"fr-FR\",\"potentialAction\":[{\"@type\":\"ReadAction\",\"target\":[\"https:\/\/www.champlaincavaliers.com\/fr\/cavaliers-capture-accolades-with-2023-rseq-all-star-awards\/\"]}]},{\"@type\":\"ImageObject\",\"inLanguage\":\"fr-FR\",\"@id\":\"https:\/\/www.champlaincavaliers.com\/fr\/cavaliers-capture-accolades-with-2023-rseq-all-star-awards\/#primaryimage\",\"url\":\"https:\/\/www.champlaincavaliers.com\/wp-content\/uploads\/2023-24-WSOC-All-Stars.png\",\"contentUrl\":\"https:\/\/www.champlaincavaliers.com\/wp-content\/uploads\/2023-24-WSOC-All-Stars.png\",\"width\":1920,\"height\":1080},{\"@type\":\"BreadcrumbList\",\"@id\":\"https:\/\/www.champlaincavaliers.com\/fr\/cavaliers-capture-accolades-with-2023-rseq-all-star-awards\/#breadcrumb\",\"itemListElement\":[{\"@type\":\"ListItem\",\"position\":1,\"name\":\"Home\",\"item\":\"https:\/\/www.champlaincavaliers.com\/fr\/\"},{\"@type\":\"ListItem\",\"position\":2,\"name\":\"Les Cavaliers remportent les honneurs lors de l&#8217;attribution du Prix des \u00e9toiles du RSEQ 2023\"}]},{\"@type\":\"WebSite\",\"@id\":\"https:\/\/www.champlaincavaliers.com\/#website\",\"url\":\"https:\/\/www.champlaincavaliers.com\/\",\"name\":\"Champlain Cavaliers\",\"description\":\"Home of the Champlain Saint-Lambert Cavaliers\",\"publisher\":{\"@id\":\"https:\/\/www.champlaincavaliers.com\/#organization\"},\"potentialAction\":[{\"@type\":\"SearchAction\",\"target\":{\"@type\":\"EntryPoint\",\"urlTemplate\":\"https:\/\/www.champlaincavaliers.com\/?s={search_term_string}\"},\"query-input\":{\"@type\":\"PropertyValueSpecification\",\"valueRequired\":true,\"valueName\":\"search_term_string\"}}],\"inLanguage\":\"fr-FR\"},{\"@type\":\"Organization\",\"@id\":\"https:\/\/www.champlaincavaliers.com\/#organization\",\"name\":\"Champlain Cavaliers\",\"url\":\"https:\/\/www.champlaincavaliers.com\/\",\"logo\":{\"@type\":\"ImageObject\",\"inLanguage\":\"fr-FR\",\"@id\":\"https:\/\/www.champlaincavaliers.com\/#\/schema\/logo\/image\/\",\"url\":\"https:\/\/champlaincavaliers.com\/wp-content\/uploads\/SLA-1.png\",\"contentUrl\":\"https:\/\/champlaincavaliers.com\/wp-content\/uploads\/SLA-1.png\",\"width\":1500,\"height\":1500,\"caption\":\"Champlain Cavaliers\"},\"image\":{\"@id\":\"https:\/\/www.champlaincavaliers.com\/#\/schema\/logo\/image\/\"},\"sameAs\":[\"https:\/\/www.facebook.com\/champlain.cavaliers\",\"https:\/\/x.com\/Champlain_Cavs\",\"https:\/\/www.instagram.com\/champlain.cavaliers\"]},{\"@type\":\"Person\",\"@id\":\"https:\/\/www.champlaincavaliers.com\/#\/schema\/person\/40ae0cfb89ceb355e05cf050289167d3\",\"name\":\"Vince Amato\",\"image\":{\"@type\":\"ImageObject\",\"inLanguage\":\"fr-FR\",\"@id\":\"https:\/\/www.champlaincavaliers.com\/#\/schema\/person\/image\/\",\"url\":\"https:\/\/secure.gravatar.com\/avatar\/aba2bf55048800b03c6336b3d2edd6cc1c5e834040d00baea45d42c44a0638fe?s=96&d=mm&r=g\",\"contentUrl\":\"https:\/\/secure.gravatar.com\/avatar\/aba2bf55048800b03c6336b3d2edd6cc1c5e834040d00baea45d42c44a0638fe?s=96&d=mm&r=g\",\"caption\":\"Vince Amato\"},\"url\":\"https:\/\/www.champlaincavaliers.com\/fr\/author\/amato\/\"}]}<\/script>\n<!-- \/ Yoast SEO plugin. -->","yoast_head_json":{"title":"Les Cavaliers remportent les honneurs lors de l'attribution du Prix des \u00e9toiles du RSEQ 2023 - Champlain Cavaliers","robots":{"index":"index","follow":"follow","max-snippet":"max-snippet:-1","max-image-preview":"max-image-preview:large","max-video-preview":"max-video-preview:-1"},"canonical":"https:\/\/www.champlaincavaliers.com\/fr\/cavaliers-capture-accolades-with-2023-rseq-all-star-awards\/","og_locale":"fr_FR","og_type":"article","og_title":"Les Cavaliers remportent les honneurs lors de l'attribution du Prix des \u00e9toiles du RSEQ 2023 - Champlain Cavaliers","og_description":"Le RSEQ a annonc\u00e9 cette ann\u00e9e les \u00e9toiles et les laur\u00e9ats des prix annuels pour la saison 2023 dans la ligue coll\u00e9giale de soccer D1.Plusieurs de nos \u00e9tudiants-athl\u00e8tes ont obtenu des honneurs pour leurs r\u00e9alisations au cours de la derni\u00e8re saison ! Les \u00e9toiles 2023 de Soocer sont : Victoria-Anne Sobczak | 1\u00e8re \u00e9quipe d&rsquo;\u00e9toiles [&hellip;]","og_url":"https:\/\/www.champlaincavaliers.com\/fr\/cavaliers-capture-accolades-with-2023-rseq-all-star-awards\/","og_site_name":"Champlain Cavaliers","article_publisher":"https:\/\/www.facebook.com\/champlain.cavaliers","article_published_time":"2023-10-28T00:20:05+00:00","article_modified_time":"2024-07-25T18:54:59+00:00","og_image":[{"width":1920,"height":1080,"url":"https:\/\/www.champlaincavaliers.com\/wp-content\/uploads\/2023-24-WSOC-All-Stars.png","type":"image\/png"}],"author":"Vince Amato","twitter_card":"summary_large_image","twitter_creator":"@Champlain_Cavs","twitter_site":"@Champlain_Cavs","twitter_misc":{"\u00c9crit par":"Vince Amato","Dur\u00e9e de lecture estim\u00e9e":"3 minutes"},"schema":{"@context":"https:\/\/schema.org","@graph":[{"@type":"Article","@id":"https:\/\/www.champlaincavaliers.com\/fr\/cavaliers-capture-accolades-with-2023-rseq-all-star-awards\/#article","isPartOf":{"@id":"https:\/\/www.champlaincavaliers.com\/fr\/cavaliers-capture-accolades-with-2023-rseq-all-star-awards\/"},"author":{"name":"Vince Amato","@id":"https:\/\/www.champlaincavaliers.com\/#\/schema\/person\/40ae0cfb89ceb355e05cf050289167d3"},"headline":"Les Cavaliers remportent les honneurs lors de l&rsquo;attribution du Prix des \u00e9toiles du RSEQ 2023","datePublished":"2023-10-28T00:20:05+00:00","dateModified":"2024-07-25T18:54:59+00:00","mainEntityOfPage":{"@id":"https:\/\/www.champlaincavaliers.com\/fr\/cavaliers-capture-accolades-with-2023-rseq-all-star-awards\/"},"wordCount":300,"publisher":{"@id":"https:\/\/www.champlaincavaliers.com\/#organization"},"image":{"@id":"https:\/\/www.champlaincavaliers.com\/fr\/cavaliers-capture-accolades-with-2023-rseq-all-star-awards\/#primaryimage"},"thumbnailUrl":"https:\/\/www.champlaincavaliers.com\/wp-content\/uploads\/2023-24-WSOC-All-Stars.png","keywords":["all-stars","cavaliers","ccaa","intercollegiate sports","men's soccer","rseq","student athletes","women's soccer"],"articleSection":["Actualit\u00e9s des cavaliers","Cavaliers Top","MSOC","WSOC"],"inLanguage":"fr-FR"},{"@type":"WebPage","@id":"https:\/\/www.champlaincavaliers.com\/fr\/cavaliers-capture-accolades-with-2023-rseq-all-star-awards\/","url":"https:\/\/www.champlaincavaliers.com\/fr\/cavaliers-capture-accolades-with-2023-rseq-all-star-awards\/","name":"Les Cavaliers remportent les honneurs lors de l'attribution du Prix des \u00e9toiles du RSEQ 2023 - Champlain Cavaliers","isPartOf":{"@id":"https:\/\/www.champlaincavaliers.com\/#website"},"primaryImageOfPage":{"@id":"https:\/\/www.champlaincavaliers.com\/fr\/cavaliers-capture-accolades-with-2023-rseq-all-star-awards\/#primaryimage"},"image":{"@id":"https:\/\/www.champlaincavaliers.com\/fr\/cavaliers-capture-accolades-with-2023-rseq-all-star-awards\/#primaryimage"},"thumbnailUrl":"https:\/\/www.champlaincavaliers.com\/wp-content\/uploads\/2023-24-WSOC-All-Stars.png","datePublished":"2023-10-28T00:20:05+00:00","dateModified":"2024-07-25T18:54:59+00:00","breadcrumb":{"@id":"https:\/\/www.champlaincavaliers.com\/fr\/cavaliers-capture-accolades-with-2023-rseq-all-star-awards\/#breadcrumb"},"inLanguage":"fr-FR","potentialAction":[{"@type":"ReadAction","target":["https:\/\/www.champlaincavaliers.com\/fr\/cavaliers-capture-accolades-with-2023-rseq-all-star-awards\/"]}]},{"@type":"ImageObject","inLanguage":"fr-FR","@id":"https:\/\/www.champlaincavaliers.com\/fr\/cavaliers-capture-accolades-with-2023-rseq-all-star-awards\/#primaryimage","url":"https:\/\/www.champlaincavaliers.com\/wp-content\/uploads\/2023-24-WSOC-All-Stars.png","contentUrl":"https:\/\/www.champlaincavaliers.com\/wp-content\/uploads\/2023-24-WSOC-All-Stars.png","width":1920,"height":1080},{"@type":"BreadcrumbList","@id":"https:\/\/www.champlaincavaliers.com\/fr\/cavaliers-capture-accolades-with-2023-rseq-all-star-awards\/#breadcrumb","itemListElement":[{"@type":"ListItem","position":1,"name":"Home","item":"https:\/\/www.champlaincavaliers.com\/fr\/"},{"@type":"ListItem","position":2,"name":"Les Cavaliers remportent les honneurs lors de l&#8217;attribution du Prix des \u00e9toiles du RSEQ 2023"}]},{"@type":"WebSite","@id":"https:\/\/www.champlaincavaliers.com\/#website","url":"https:\/\/www.champlaincavaliers.com\/","name":"Champlain Cavaliers","description":"Home of the Champlain Saint-Lambert Cavaliers","publisher":{"@id":"https:\/\/www.champlaincavaliers.com\/#organization"},"potentialAction":[{"@type":"SearchAction","target":{"@type":"EntryPoint","urlTemplate":"https:\/\/www.champlaincavaliers.com\/?s={search_term_string}"},"query-input":{"@type":"PropertyValueSpecification","valueRequired":true,"valueName":"search_term_string"}}],"inLanguage":"fr-FR"},{"@type":"Organization","@id":"https:\/\/www.champlaincavaliers.com\/#organization","name":"Champlain Cavaliers","url":"https:\/\/www.champlaincavaliers.com\/","logo":{"@type":"ImageObject","inLanguage":"fr-FR","@id":"https:\/\/www.champlaincavaliers.com\/#\/schema\/logo\/image\/","url":"https:\/\/champlaincavaliers.com\/wp-content\/uploads\/SLA-1.png","contentUrl":"https:\/\/champlaincavaliers.com\/wp-content\/uploads\/SLA-1.png","width":1500,"height":1500,"caption":"Champlain Cavaliers"},"image":{"@id":"https:\/\/www.champlaincavaliers.com\/#\/schema\/logo\/image\/"},"sameAs":["https:\/\/www.facebook.com\/champlain.cavaliers","https:\/\/x.com\/Champlain_Cavs","https:\/\/www.instagram.com\/champlain.cavaliers"]},{"@type":"Person","@id":"https:\/\/www.champlaincavaliers.com\/#\/schema\/person\/40ae0cfb89ceb355e05cf050289167d3","name":"Vince Amato","image":{"@type":"ImageObject","inLanguage":"fr-FR","@id":"https:\/\/www.champlaincavaliers.com\/#\/schema\/person\/image\/","url":"https:\/\/secure.gravatar.com\/avatar\/aba2bf55048800b03c6336b3d2edd6cc1c5e834040d00baea45d42c44a0638fe?s=96&d=mm&r=g","contentUrl":"https:\/\/secure.gravatar.com\/avatar\/aba2bf55048800b03c6336b3d2edd6cc1c5e834040d00baea45d42c44a0638fe?s=96&d=mm&r=g","caption":"Vince Amato"},"url":"https:\/\/www.champlaincavaliers.com\/fr\/author\/amato\/"}]}},"_links":{"self":[{"href":"https:\/\/www.champlaincavaliers.com\/fr\/wp-json\/wp\/v2\/posts\/29145","targetHints":{"allow":["GET"]}}],"collection":[{"href":"https:\/\/www.champlaincavaliers.com\/fr\/wp-json\/wp\/v2\/posts"}],"about":[{"href":"https:\/\/www.champlaincavaliers.com\/fr\/wp-json\/wp\/v2\/types\/post"}],"author":[{"embeddable":true,"href":"https:\/\/www.champlaincavaliers.com\/fr\/wp-json\/wp\/v2\/users\/2"}],"replies":[{"embeddable":true,"href":"https:\/\/www.champlaincavaliers.com\/fr\/wp-json\/wp\/v2\/comments?post=29145"}],"version-history":[{"count":5,"href":"https:\/\/www.champlaincavaliers.com\/fr\/wp-json\/wp\/v2\/posts\/29145\/revisions"}],"predecessor-version":[{"id":30399,"href":"https:\/\/www.champlaincavaliers.com\/fr\/wp-json\/wp\/v2\/posts\/29145\/revisions\/30399"}],"wp:featuredmedia":[{"embeddable":true,"href":"https:\/\/www.champlaincavaliers.com\/fr\/wp-json\/wp\/v2\/media\/28423"}],"wp:attachment":[{"href":"https:\/\/www.champlaincavaliers.com\/fr\/wp-json\/wp\/v2\/media?parent=29145"}],"wp:term":[{"taxonomy":"category","embeddable":true,"href":"https:\/\/www.champlaincavaliers.com\/fr\/wp-json\/wp\/v2\/categories?post=29145"},{"taxonomy":"post_tag","embeddable":true,"href":"https:\/\/www.champlaincavaliers.com\/fr\/wp-json\/wp\/v2\/tags?post=29145"}],"curies":[{"name":"wp","href":"https:\/\/api.w.org\/{rel}","templated":true}]}}